{"id":12416,"date":"2026-09-01T11:47:44","date_gmt":"2026-09-01T14:47:44","guid":{"rendered":"https:\/\/www.urbs.curitiba.pr.gov.br\/portal\/?p=12416"},"modified":"2026-09-01T11:49:26","modified_gmt":"2026-09-01T14:49:26","slug":"urbs-preve-que-rodoviaria-tera-movimento-de-25-mil-pessoas-neste-7-de-setembro","status":"publish","type":"post","link":"https:\/\/www.urbs.curitiba.pr.gov.br\/portal\/urbs-preve-que-rodoviaria-tera-movimento-de-25-mil-pessoas-neste-7-de-setembro\/","title":{"rendered":"Urbs prev\u00ea que Rodovi\u00e1ria ter\u00e1 movimento de 25 mil pessoas neste 7 de Setembro"},"content":{"rendered":"\n<p class=\"wp-block-paragraph\">O movimento na Rodoferrovi\u00e1ria de Curitiba ser\u00e1 intenso devido aos feriados de 7 de Setembro e Padroeira de Curitiba, no dia 8\/9. A Urbaniza\u00e7\u00e3o de Curitiba S.A. (Urbs), empresa gestora do local, estima cerca de 25 mil embarques no terminal entre os dias 4 e 9 deste m\u00eas.<\/p>\n\n\n\n<p class=\"wp-block-paragraph\">O movimento neste feriado \u00e9 cerca de 50% maior do que o registrado em dias normais e 25% maior que o registrado no mesmo feriado no ano passado, quando embarcaram 20 mil pessoas.<\/p>\n\n\n\n<p class=\"wp-block-paragraph\">Nesse per\u00edodo, a Guarda Municipal e a Superintend\u00eancia de Tr\u00e2nsito (Setran) refor\u00e7am suas equipes no entorno para garantir a seguran\u00e7a dos cidad\u00e3os e a fluidez no tr\u00e2nsito.<\/p>\n\n\n\n<p class=\"wp-block-paragraph\">O destino mais procurado de quem deixa Curitiba \u00e9 o interior do Estado, com 45% do movimento total. Em seguida v\u00eam Santa Catarina (20%), Litoral do Paran\u00e1 (15%) e S\u00e3o Paulo (12%).<\/p>\n\n\n\n<p class=\"wp-block-paragraph\">Para evitar transtornos, o administrador da rodovi\u00e1ria, Elcio dos Anjos, orienta os passageiros a comprarem antecipadamente as passagens de ida e tamb\u00e9m de retorno, al\u00e9m de n\u00e3o esquecerem dos documentos pessoais.<\/p>\n\n\n\n<p class=\"wp-block-paragraph\">No dia da viagem, o ideal \u00e9 chegar ao terminal 30 minutos antes do embarque.<\/p>\n\n\n\n<p class=\"wp-block-paragraph\">\u201c\u00c9 importante lembrar de estar com o bilhete e um documento de identifica\u00e7\u00e3o em m\u00e3os, para n\u00e3o atrasar o embarque\u201d, lembra Elcio.<\/p>\n\n\n\n<p class=\"wp-block-paragraph\"><strong>Se utiliza transporte coletivo, aten\u00e7\u00e3o<\/strong><\/p>\n\n\n\n<p class=\"wp-block-paragraph\">Os passageiros que utilizarem o transporte coletivo para chegar \u00e0 Rodovi\u00e1ria, na Avenida Presidente Affonso Camargo, devem ficar atentos, pois as esta\u00e7\u00f5es-tubo Rodoferrovi\u00e1ria e Eufr\u00e1sio Correia est\u00e3o desativadas temporariamente, por conta das obras em andamento do BRT Leste\/Oeste.<\/p>\n\n\n\n<p class=\"wp-block-paragraph\">As conex\u00f5es com os eixos Norte e Sul est\u00e3o sendo realizadas na Pra\u00e7a Rui Barbosa. As esta\u00e7\u00f5es-tubo mais pr\u00f3ximas s\u00e3o a Viaduto Capanema e Mariano Torres.<\/p>\n\n\n\n<p class=\"wp-block-paragraph\"><strong>Confira as regras<\/strong><\/p>\n\n\n\n<p class=\"wp-block-paragraph\"><em>Para viagens de menores de idade, as empresas devem seguir as regras, que s\u00e3o fiscalizadas pela Ag\u00eancia Nacional de Transportes Terrestres e pelo Departamento de Estradas e Rodagem (DER):<\/em><\/p>\n\n\n\n<ul class=\"wp-block-list\">\n<li>Para menores de 12 anos de idade, \u00e9 obrigat\u00f3ria a certid\u00e3o de nascimento original ou c\u00f3pia autenticada com menos de 30 dias;<\/li>\n\n\n\n<li>Acompanhados pelos pais: n\u00e3o \u00e9 necess\u00e1ria autoriza\u00e7\u00e3o;<\/li>\n\n\n\n<li>Acompanhados por parentes (av\u00f3s, tios, irm\u00e3os maiores de 18 anos): n\u00e3o precisa de autoriza\u00e7\u00e3o judicial, apenas comprova\u00e7\u00e3o de parentesco documental (Certid\u00e3o de Nascimento original ou RG);<\/li>\n\n\n\n<li>Acompanhados por terceiros ou sozinhos: necess\u00e1ria autoriza\u00e7\u00e3o escrita de um dos pais ou respons\u00e1vel legal, com firma reconhecida em cart\u00f3rio.<\/li>\n<\/ul>\n\n\n\n<p class=\"wp-block-paragraph\"><em>Entre 12 e 16 anos de idade:<\/em><\/p>\n\n\n\n<ul class=\"wp-block-list\">\n<li>\u00c9 obrigat\u00f3ria a apresenta\u00e7\u00e3o de carteira de identidade original;<\/li>\n\n\n\n<li>Com os pais: nenhuma autoriza\u00e7\u00e3o \u00e9 necess\u00e1ria; apenas documentos originais;<\/li>\n\n\n\n<li>Com parentes (at\u00e9 3\u00ba grau &#8211; maior de 18 anos): necess\u00e1rio RG original da crian\u00e7a\/adolescente e do parente, al\u00e9m de documento comprovando o parentesco (ex: certid\u00e3o de nascimento);<\/li>\n\n\n\n<li>Desacompanhados ou com terceiros: exige-se autoriza\u00e7\u00e3o assinada por um dos pais\/respons\u00e1vel legal, com firma reconhecida em cart\u00f3rio (por semelhan\u00e7a ou autenticidade) ou via Autoriza\u00e7\u00e3o Eletr\u00f4nica de Viagem;<\/li>\n\n\n\n<li>Autoriza\u00e7\u00e3o judicial: \u00e9 obrigat\u00f3ria para menores de 16 anos desacompanhados que n\u00e3o possuam documento de autoriza\u00e7\u00e3o dos pais;<\/li>\n\n\n\n<li>Em caso de viagens internacionais \u00e9 exigida autoriza\u00e7\u00e3o judicial ou de ambos os pais. Os documentos necess\u00e1rios s\u00e3o RG ou certid\u00e3o de nascimento (original ou c\u00f3pia autenticada).<\/li>\n<\/ul>\n","protected":false},"excerpt":{"rendered":"<p>O movimento na Rodoferrovi\u00e1ria de Curitiba ser\u00e1 intenso devido aos feriados de 7 de Setembro e Padroeira de Curitiba, no [&hellip;]<\/p>\n","protected":false},"author":4,"featured_media":12417,"comment_status":"open","ping_status":"open","sticky":false,"template":"","format":"standard","meta":{"footnotes":""},"categories":[5],"tags":[],"class_list":["post-12416","post","type-post","status-publish","format-standard","has-post-thumbnail","hentry","category-rodoviaria"],"acf":[],"yoast_head":"<!-- This site is optimized with the Yoast SEO plugin v28.4 - https:\/\/yoast.com\/product\/yoast-seo-wordpress\/ -->\n<title>Urbs prev\u00ea que Rodovi\u00e1ria ter\u00e1 movimento de 25 mil pessoas neste 7 de Setembro - URBS<\/title>\n<meta name=\"robots\" content=\"index, follow, max-snippet:-1, max-image-preview:large, max-video-preview:-1\" \/>\n<link rel=\"canonical\" href=\"https:\/\/www.urbs.curitiba.pr.gov.br\/portal\/urbs-preve-que-rodoviaria-tera-movimento-de-25-mil-pessoas-neste-7-de-setembro\/\" \/>\n<meta property=\"og:locale\" content=\"pt_BR\" \/>\n<meta property=\"og:type\" content=\"article\" \/>\n<meta property=\"og:title\" content=\"Urbs prev\u00ea que Rodovi\u00e1ria ter\u00e1 movimento de 25 mil pessoas neste 7 de Setembro - URBS\" \/>\n<meta property=\"og:description\" content=\"O movimento na Rodoferrovi\u00e1ria de Curitiba ser\u00e1 intenso devido aos feriados de 7 de Setembro e Padroeira de Curitiba, no [&hellip;]\" \/>\n<meta property=\"og:url\" content=\"https:\/\/www.urbs.curitiba.pr.gov.br\/portal\/urbs-preve-que-rodoviaria-tera-movimento-de-25-mil-pessoas-neste-7-de-setembro\/\" \/>\n<meta property=\"og:site_name\" content=\"URBS\" \/>\n<meta property=\"article:publisher\" content=\"https:\/\/www.facebook.com\/UrbsCuritiba\/\" \/>\n<meta property=\"article:published_time\" content=\"2026-09-01T14:47:44+00:00\" \/>\n<meta property=\"article:modified_time\" content=\"2026-09-01T14:49:26+00:00\" \/>\n<meta property=\"og:image\" content=\"https:\/\/www.urbs.curitiba.pr.gov.br\/portal\/wp-content\/uploads\/2026\/09\/Rodoviaria.png\" \/>\n\t<meta property=\"og:image:width\" content=\"800\" \/>\n\t<meta property=\"og:image:height\" content=\"533\" \/>\n\t<meta property=\"og:image:type\" content=\"image\/png\" \/>\n<meta name=\"author\" content=\"Francisco Jose Zerbeto Assis\" \/>\n<meta name=\"twitter:card\" content=\"summary_large_image\" \/>\n<meta name=\"twitter:label1\" content=\"Escrito por\" \/>\n\t<meta name=\"twitter:data1\" content=\"Francisco Jose Zerbeto Assis\" \/>\n\t<meta name=\"twitter:label2\" content=\"Est. tempo de leitura\" \/>\n\t<meta name=\"twitter:data2\" content=\"4 minutos\" \/>\n<script type=\"application\/ld+json\" class=\"yoast-schema-graph\">{\"@context\":\"https:\\\/\\\/schema.org\",\"@graph\":[{\"@type\":\"Article\",\"@id\":\"https:\\\/\\\/www.urbs.curitiba.pr.gov.br\\\/portal\\\/urbs-preve-que-rodoviaria-tera-movimento-de-25-mil-pessoas-neste-7-de-setembro\\\/#article\",\"isPartOf\":{\"@id\":\"https:\\\/\\\/www.urbs.curitiba.pr.gov.br\\\/portal\\\/urbs-preve-que-rodoviaria-tera-movimento-de-25-mil-pessoas-neste-7-de-setembro\\\/\"},\"author\":{\"name\":\"Francisco Jose Zerbeto Assis\",\"@id\":\"https:\\\/\\\/www.urbs.curitiba.pr.gov.br\\\/portal\\\/#\\\/schema\\\/person\\\/ab6b6e14d348c1ef165b5086fc8c6225\"},\"headline\":\"Urbs prev\u00ea que Rodovi\u00e1ria ter\u00e1 movimento de 25 mil pessoas neste 7 de Setembro\",\"datePublished\":\"2026-09-01T14:47:44+00:00\",\"dateModified\":\"2026-09-01T14:49:26+00:00\",\"mainEntityOfPage\":{\"@id\":\"https:\\\/\\\/www.urbs.curitiba.pr.gov.br\\\/portal\\\/urbs-preve-que-rodoviaria-tera-movimento-de-25-mil-pessoas-neste-7-de-setembro\\\/\"},\"wordCount\":567,\"commentCount\":0,\"publisher\":{\"@id\":\"https:\\\/\\\/www.urbs.curitiba.pr.gov.br\\\/portal\\\/#organization\"},\"image\":{\"@id\":\"https:\\\/\\\/www.urbs.curitiba.pr.gov.br\\\/portal\\\/urbs-preve-que-rodoviaria-tera-movimento-de-25-mil-pessoas-neste-7-de-setembro\\\/#primaryimage\"},\"thumbnailUrl\":\"https:\\\/\\\/www.urbs.curitiba.pr.gov.br\\\/portal\\\/wp-content\\\/uploads\\\/2026\\\/09\\\/Rodoviaria.png\",\"articleSection\":[\"Rodovi\u00e1ria\"],\"inLanguage\":\"pt-BR\",\"potentialAction\":[{\"@type\":\"CommentAction\",\"name\":\"Comment\",\"target\":[\"https:\\\/\\\/www.urbs.curitiba.pr.gov.br\\\/portal\\\/urbs-preve-que-rodoviaria-tera-movimento-de-25-mil-pessoas-neste-7-de-setembro\\\/#respond\"]}]},{\"@type\":\"WebPage\",\"@id\":\"https:\\\/\\\/www.urbs.curitiba.pr.gov.br\\\/portal\\\/urbs-preve-que-rodoviaria-tera-movimento-de-25-mil-pessoas-neste-7-de-setembro\\\/\",\"url\":\"https:\\\/\\\/www.urbs.curitiba.pr.gov.br\\\/portal\\\/urbs-preve-que-rodoviaria-tera-movimento-de-25-mil-pessoas-neste-7-de-setembro\\\/\",\"name\":\"Urbs prev\u00ea que Rodovi\u00e1ria ter\u00e1 movimento de 25 mil pessoas neste 7 de Setembro - URBS\",\"isPartOf\":{\"@id\":\"https:\\\/\\\/www.urbs.curitiba.pr.gov.br\\\/portal\\\/#website\"},\"primaryImageOfPage\":{\"@id\":\"https:\\\/\\\/www.urbs.curitiba.pr.gov.br\\\/portal\\\/urbs-preve-que-rodoviaria-tera-movimento-de-25-mil-pessoas-neste-7-de-setembro\\\/#primaryimage\"},\"image\":{\"@id\":\"https:\\\/\\\/www.urbs.curitiba.pr.gov.br\\\/portal\\\/urbs-preve-que-rodoviaria-tera-movimento-de-25-mil-pessoas-neste-7-de-setembro\\\/#primaryimage\"},\"thumbnailUrl\":\"https:\\\/\\\/www.urbs.curitiba.pr.gov.br\\\/portal\\\/wp-content\\\/uploads\\\/2026\\\/09\\\/Rodoviaria.png\",\"datePublished\":\"2026-09-01T14:47:44+00:00\",\"dateModified\":\"2026-09-01T14:49:26+00:00\",\"breadcrumb\":{\"@id\":\"https:\\\/\\\/www.urbs.curitiba.pr.gov.br\\\/portal\\\/urbs-preve-que-rodoviaria-tera-movimento-de-25-mil-pessoas-neste-7-de-setembro\\\/#breadcrumb\"},\"inLanguage\":\"pt-BR\",\"potentialAction\":[{\"@type\":\"ReadAction\",\"target\":[\"https:\\\/\\\/www.urbs.curitiba.pr.gov.br\\\/portal\\\/urbs-preve-que-rodoviaria-tera-movimento-de-25-mil-pessoas-neste-7-de-setembro\\\/\"]}]},{\"@type\":\"ImageObject\",\"inLanguage\":\"pt-BR\",\"@id\":\"https:\\\/\\\/www.urbs.curitiba.pr.gov.br\\\/portal\\\/urbs-preve-que-rodoviaria-tera-movimento-de-25-mil-pessoas-neste-7-de-setembro\\\/#primaryimage\",\"url\":\"https:\\\/\\\/www.urbs.curitiba.pr.gov.br\\\/portal\\\/wp-content\\\/uploads\\\/2026\\\/09\\\/Rodoviaria.png\",\"contentUrl\":\"https:\\\/\\\/www.urbs.curitiba.pr.gov.br\\\/portal\\\/wp-content\\\/uploads\\\/2026\\\/09\\\/Rodoviaria.png\",\"width\":800,\"height\":533},{\"@type\":\"BreadcrumbList\",\"@id\":\"https:\\\/\\\/www.urbs.curitiba.pr.gov.br\\\/portal\\\/urbs-preve-que-rodoviaria-tera-movimento-de-25-mil-pessoas-neste-7-de-setembro\\\/#breadcrumb\",\"itemListElement\":[{\"@type\":\"ListItem\",\"position\":1,\"name\":\"In\u00edcio\",\"item\":\"https:\\\/\\\/www.urbs.curitiba.pr.gov.br\\\/portal\\\/\"},{\"@type\":\"ListItem\",\"position\":2,\"name\":\"Rodovi\u00e1ria\",\"item\":\"https:\\\/\\\/www.urbs.curitiba.pr.gov.br\\\/portal\\\/category\\\/rodoviaria\\\/\"},{\"@type\":\"ListItem\",\"position\":3,\"name\":\"Urbs prev\u00ea que Rodovi\u00e1ria ter\u00e1 movimento de 25 mil pessoas neste 7 de Setembro\"}]},{\"@type\":\"WebSite\",\"@id\":\"https:\\\/\\\/www.urbs.curitiba.pr.gov.br\\\/portal\\\/#website\",\"url\":\"https:\\\/\\\/www.urbs.curitiba.pr.gov.br\\\/portal\\\/\",\"name\":\"URBS\",\"description\":\"Urbaniza\u00e7\u00e3o de Curitiba\",\"publisher\":{\"@id\":\"https:\\\/\\\/www.urbs.curitiba.pr.gov.br\\\/portal\\\/#organization\"},\"potentialAction\":[{\"@type\":\"SearchAction\",\"target\":{\"@type\":\"EntryPoint\",\"urlTemplate\":\"https:\\\/\\\/www.urbs.curitiba.pr.gov.br\\\/portal\\\/?s={search_term_string}\"},\"query-input\":{\"@type\":\"PropertyValueSpecification\",\"valueRequired\":true,\"valueName\":\"search_term_string\"}}],\"inLanguage\":\"pt-BR\"},{\"@type\":\"Organization\",\"@id\":\"https:\\\/\\\/www.urbs.curitiba.pr.gov.br\\\/portal\\\/#organization\",\"name\":\"URBS\",\"url\":\"https:\\\/\\\/www.urbs.curitiba.pr.gov.br\\\/portal\\\/\",\"logo\":{\"@type\":\"ImageObject\",\"inLanguage\":\"pt-BR\",\"@id\":\"https:\\\/\\\/www.urbs.curitiba.pr.gov.br\\\/portal\\\/#\\\/schema\\\/logo\\\/image\\\/\",\"url\":\"https:\\\/\\\/www.urbs.curitiba.pr.gov.br\\\/portal\\\/wp-content\\\/uploads\\\/2024\\\/03\\\/logo-urbs-cinza.svg\",\"contentUrl\":\"https:\\\/\\\/www.urbs.curitiba.pr.gov.br\\\/portal\\\/wp-content\\\/uploads\\\/2024\\\/03\\\/logo-urbs-cinza.svg\",\"width\":940,\"height\":420,\"caption\":\"URBS\"},\"image\":{\"@id\":\"https:\\\/\\\/www.urbs.curitiba.pr.gov.br\\\/portal\\\/#\\\/schema\\\/logo\\\/image\\\/\"},\"sameAs\":[\"https:\\\/\\\/www.facebook.com\\\/UrbsCuritiba\\\/\",\"https:\\\/\\\/www.instagram.com\\\/urbs_curitiba\\\/\"]},{\"@type\":\"Person\",\"@id\":\"https:\\\/\\\/www.urbs.curitiba.pr.gov.br\\\/portal\\\/#\\\/schema\\\/person\\\/ab6b6e14d348c1ef165b5086fc8c6225\",\"name\":\"Francisco Jose Zerbeto Assis\",\"image\":{\"@type\":\"ImageObject\",\"inLanguage\":\"pt-BR\",\"@id\":\"https:\\\/\\\/secure.gravatar.com\\\/avatar\\\/5a19657e1351e46a81537640d639353d46076b0e5f376f466bfb60e86bf95da9?s=96&d=mm&r=g\",\"url\":\"https:\\\/\\\/secure.gravatar.com\\\/avatar\\\/5a19657e1351e46a81537640d639353d46076b0e5f376f466bfb60e86bf95da9?s=96&d=mm&r=g\",\"contentUrl\":\"https:\\\/\\\/secure.gravatar.com\\\/avatar\\\/5a19657e1351e46a81537640d639353d46076b0e5f376f466bfb60e86bf95da9?s=96&d=mm&r=g\",\"caption\":\"Francisco Jose Zerbeto Assis\"},\"url\":\"https:\\\/\\\/www.urbs.curitiba.pr.gov.br\\\/portal\\\/author\\\/frassis\\\/\"}]}<\/script>\n<!-- \/ Yoast SEO plugin. -->","yoast_head_json":{"title":"Urbs prev\u00ea que Rodovi\u00e1ria ter\u00e1 movimento de 25 mil pessoas neste 7 de Setembro - URBS","robots":{"index":"index","follow":"follow","max-snippet":"max-snippet:-1","max-image-preview":"max-image-preview:large","max-video-preview":"max-video-preview:-1"},"canonical":"https:\/\/www.urbs.curitiba.pr.gov.br\/portal\/urbs-preve-que-rodoviaria-tera-movimento-de-25-mil-pessoas-neste-7-de-setembro\/","og_locale":"pt_BR","og_type":"article","og_title":"Urbs prev\u00ea que Rodovi\u00e1ria ter\u00e1 movimento de 25 mil pessoas neste 7 de Setembro - URBS","og_description":"O movimento na Rodoferrovi\u00e1ria de Curitiba ser\u00e1 intenso devido aos feriados de 7 de Setembro e Padroeira de Curitiba, no [&hellip;]","og_url":"https:\/\/www.urbs.curitiba.pr.gov.br\/portal\/urbs-preve-que-rodoviaria-tera-movimento-de-25-mil-pessoas-neste-7-de-setembro\/","og_site_name":"URBS","article_publisher":"https:\/\/www.facebook.com\/UrbsCuritiba\/","article_published_time":"2026-09-01T14:47:44+00:00","article_modified_time":"2026-09-01T14:49:26+00:00","og_image":[{"width":800,"height":533,"url":"https:\/\/www.urbs.curitiba.pr.gov.br\/portal\/wp-content\/uploads\/2026\/09\/Rodoviaria.png","type":"image\/png"}],"author":"Francisco Jose Zerbeto Assis","twitter_card":"summary_large_image","twitter_misc":{"Escrito por":"Francisco Jose Zerbeto Assis","Est. tempo de leitura":"4 minutos"},"schema":{"@context":"https:\/\/schema.org","@graph":[{"@type":"Article","@id":"https:\/\/www.urbs.curitiba.pr.gov.br\/portal\/urbs-preve-que-rodoviaria-tera-movimento-de-25-mil-pessoas-neste-7-de-setembro\/#article","isPartOf":{"@id":"https:\/\/www.urbs.curitiba.pr.gov.br\/portal\/urbs-preve-que-rodoviaria-tera-movimento-de-25-mil-pessoas-neste-7-de-setembro\/"},"author":{"name":"Francisco Jose Zerbeto Assis","@id":"https:\/\/www.urbs.curitiba.pr.gov.br\/portal\/#\/schema\/person\/ab6b6e14d348c1ef165b5086fc8c6225"},"headline":"Urbs prev\u00ea que Rodovi\u00e1ria ter\u00e1 movimento de 25 mil pessoas neste 7 de Setembro","datePublished":"2026-09-01T14:47:44+00:00","dateModified":"2026-09-01T14:49:26+00:00","mainEntityOfPage":{"@id":"https:\/\/www.urbs.curitiba.pr.gov.br\/portal\/urbs-preve-que-rodoviaria-tera-movimento-de-25-mil-pessoas-neste-7-de-setembro\/"},"wordCount":567,"commentCount":0,"publisher":{"@id":"https:\/\/www.urbs.curitiba.pr.gov.br\/portal\/#organization"},"image":{"@id":"https:\/\/www.urbs.curitiba.pr.gov.br\/portal\/urbs-preve-que-rodoviaria-tera-movimento-de-25-mil-pessoas-neste-7-de-setembro\/#primaryimage"},"thumbnailUrl":"https:\/\/www.urbs.curitiba.pr.gov.br\/portal\/wp-content\/uploads\/2026\/09\/Rodoviaria.png","articleSection":["Rodovi\u00e1ria"],"inLanguage":"pt-BR","potentialAction":[{"@type":"CommentAction","name":"Comment","target":["https:\/\/www.urbs.curitiba.pr.gov.br\/portal\/urbs-preve-que-rodoviaria-tera-movimento-de-25-mil-pessoas-neste-7-de-setembro\/#respond"]}]},{"@type":"WebPage","@id":"https:\/\/www.urbs.curitiba.pr.gov.br\/portal\/urbs-preve-que-rodoviaria-tera-movimento-de-25-mil-pessoas-neste-7-de-setembro\/","url":"https:\/\/www.urbs.curitiba.pr.gov.br\/portal\/urbs-preve-que-rodoviaria-tera-movimento-de-25-mil-pessoas-neste-7-de-setembro\/","name":"Urbs prev\u00ea que Rodovi\u00e1ria ter\u00e1 movimento de 25 mil pessoas neste 7 de Setembro - URBS","isPartOf":{"@id":"https:\/\/www.urbs.curitiba.pr.gov.br\/portal\/#website"},"primaryImageOfPage":{"@id":"https:\/\/www.urbs.curitiba.pr.gov.br\/portal\/urbs-preve-que-rodoviaria-tera-movimento-de-25-mil-pessoas-neste-7-de-setembro\/#primaryimage"},"image":{"@id":"https:\/\/www.urbs.curitiba.pr.gov.br\/portal\/urbs-preve-que-rodoviaria-tera-movimento-de-25-mil-pessoas-neste-7-de-setembro\/#primaryimage"},"thumbnailUrl":"https:\/\/www.urbs.curitiba.pr.gov.br\/portal\/wp-content\/uploads\/2026\/09\/Rodoviaria.png","datePublished":"2026-09-01T14:47:44+00:00","dateModified":"2026-09-01T14:49:26+00:00","breadcrumb":{"@id":"https:\/\/www.urbs.curitiba.pr.gov.br\/portal\/urbs-preve-que-rodoviaria-tera-movimento-de-25-mil-pessoas-neste-7-de-setembro\/#breadcrumb"},"inLanguage":"pt-BR","potentialAction":[{"@type":"ReadAction","target":["https:\/\/www.urbs.curitiba.pr.gov.br\/portal\/urbs-preve-que-rodoviaria-tera-movimento-de-25-mil-pessoas-neste-7-de-setembro\/"]}]},{"@type":"ImageObject","inLanguage":"pt-BR","@id":"https:\/\/www.urbs.curitiba.pr.gov.br\/portal\/urbs-preve-que-rodoviaria-tera-movimento-de-25-mil-pessoas-neste-7-de-setembro\/#primaryimage","url":"https:\/\/www.urbs.curitiba.pr.gov.br\/portal\/wp-content\/uploads\/2026\/09\/Rodoviaria.png","contentUrl":"https:\/\/www.urbs.curitiba.pr.gov.br\/portal\/wp-content\/uploads\/2026\/09\/Rodoviaria.png","width":800,"height":533},{"@type":"BreadcrumbList","@id":"https:\/\/www.urbs.curitiba.pr.gov.br\/portal\/urbs-preve-que-rodoviaria-tera-movimento-de-25-mil-pessoas-neste-7-de-setembro\/#breadcrumb","itemListElement":[{"@type":"ListItem","position":1,"name":"In\u00edcio","item":"https:\/\/www.urbs.curitiba.pr.gov.br\/portal\/"},{"@type":"ListItem","position":2,"name":"Rodovi\u00e1ria","item":"https:\/\/www.urbs.curitiba.pr.gov.br\/portal\/category\/rodoviaria\/"},{"@type":"ListItem","position":3,"name":"Urbs prev\u00ea que Rodovi\u00e1ria ter\u00e1 movimento de 25 mil pessoas neste 7 de Setembro"}]},{"@type":"WebSite","@id":"https:\/\/www.urbs.curitiba.pr.gov.br\/portal\/#website","url":"https:\/\/www.urbs.curitiba.pr.gov.br\/portal\/","name":"URBS","description":"Urbaniza\u00e7\u00e3o de Curitiba","publisher":{"@id":"https:\/\/www.urbs.curitiba.pr.gov.br\/portal\/#organization"},"potentialAction":[{"@type":"SearchAction","target":{"@type":"EntryPoint","urlTemplate":"https:\/\/www.urbs.curitiba.pr.gov.br\/portal\/?s={search_term_string}"},"query-input":{"@type":"PropertyValueSpecification","valueRequired":true,"valueName":"search_term_string"}}],"inLanguage":"pt-BR"},{"@type":"Organization","@id":"https:\/\/www.urbs.curitiba.pr.gov.br\/portal\/#organization","name":"URBS","url":"https:\/\/www.urbs.curitiba.pr.gov.br\/portal\/","logo":{"@type":"ImageObject","inLanguage":"pt-BR","@id":"https:\/\/www.urbs.curitiba.pr.gov.br\/portal\/#\/schema\/logo\/image\/","url":"https:\/\/www.urbs.curitiba.pr.gov.br\/portal\/wp-content\/uploads\/2024\/03\/logo-urbs-cinza.svg","contentUrl":"https:\/\/www.urbs.curitiba.pr.gov.br\/portal\/wp-content\/uploads\/2024\/03\/logo-urbs-cinza.svg","width":940,"height":420,"caption":"URBS"},"image":{"@id":"https:\/\/www.urbs.curitiba.pr.gov.br\/portal\/#\/schema\/logo\/image\/"},"sameAs":["https:\/\/www.facebook.com\/UrbsCuritiba\/","https:\/\/www.instagram.com\/urbs_curitiba\/"]},{"@type":"Person","@id":"https:\/\/www.urbs.curitiba.pr.gov.br\/portal\/#\/schema\/person\/ab6b6e14d348c1ef165b5086fc8c6225","name":"Francisco Jose Zerbeto Assis","image":{"@type":"ImageObject","inLanguage":"pt-BR","@id":"https:\/\/secure.gravatar.com\/avatar\/5a19657e1351e46a81537640d639353d46076b0e5f376f466bfb60e86bf95da9?s=96&d=mm&r=g","url":"https:\/\/secure.gravatar.com\/avatar\/5a19657e1351e46a81537640d639353d46076b0e5f376f466bfb60e86bf95da9?s=96&d=mm&r=g","contentUrl":"https:\/\/secure.gravatar.com\/avatar\/5a19657e1351e46a81537640d639353d46076b0e5f376f466bfb60e86bf95da9?s=96&d=mm&r=g","caption":"Francisco Jose Zerbeto Assis"},"url":"https:\/\/www.urbs.curitiba.pr.gov.br\/portal\/author\/frassis\/"}]}},"_links":{"self":[{"href":"https:\/\/www.urbs.curitiba.pr.gov.br\/portal\/wp-json\/wp\/v2\/posts\/12416","targetHints":{"allow":["GET"]}}],"collection":[{"href":"https:\/\/www.urbs.curitiba.pr.gov.br\/portal\/wp-json\/wp\/v2\/posts"}],"about":[{"href":"https:\/\/www.urbs.curitiba.pr.gov.br\/portal\/wp-json\/wp\/v2\/types\/post"}],"author":[{"embeddable":true,"href":"https:\/\/www.urbs.curitiba.pr.gov.br\/portal\/wp-json\/wp\/v2\/users\/4"}],"replies":[{"embeddable":true,"href":"https:\/\/www.urbs.curitiba.pr.gov.br\/portal\/wp-json\/wp\/v2\/comments?post=12416"}],"version-history":[{"count":2,"href":"https:\/\/www.urbs.curitiba.pr.gov.br\/portal\/wp-json\/wp\/v2\/posts\/12416\/revisions"}],"predecessor-version":[{"id":12419,"href":"https:\/\/www.urbs.curitiba.pr.gov.br\/portal\/wp-json\/wp\/v2\/posts\/12416\/revisions\/12419"}],"wp:featuredmedia":[{"embeddable":true,"href":"https:\/\/www.urbs.curitiba.pr.gov.br\/portal\/wp-json\/wp\/v2\/media\/12417"}],"wp:attachment":[{"href":"https:\/\/www.urbs.curitiba.pr.gov.br\/portal\/wp-json\/wp\/v2\/media?parent=12416"}],"wp:term":[{"taxonomy":"category","embeddable":true,"href":"https:\/\/www.urbs.curitiba.pr.gov.br\/portal\/wp-json\/wp\/v2\/categories?post=12416"},{"taxonomy":"post_tag","embeddable":true,"href":"https:\/\/www.urbs.curitiba.pr.gov.br\/portal\/wp-json\/wp\/v2\/tags?post=12416"}],"curies":[{"name":"wp","href":"https:\/\/api.w.org\/{rel}","templated":true}]}}