{"id":12432,"date":"2026-09-03T16:44:01","date_gmt":"2026-09-03T19:44:01","guid":{"rendered":"https:\/\/www.urbs.curitiba.pr.gov.br\/portal\/?p=12432"},"modified":"2026-09-03T16:45:12","modified_gmt":"2026-09-03T19:45:12","slug":"linha-de-onibus-que-liga-o-pinheirinho-ao-atuba-sera-estendida-ate-colombo","status":"publish","type":"post","link":"https:\/\/www.urbs.curitiba.pr.gov.br\/portal\/linha-de-onibus-que-liga-o-pinheirinho-ao-atuba-sera-estendida-ate-colombo\/","title":{"rendered":"Linha de \u00f4nibus que liga o Pinheirinho ao Atuba ser\u00e1 estendida at\u00e9 Colombo"},"content":{"rendered":"\n<p class=\"wp-block-paragraph\">Os usu\u00e1rios da Linha 350 &#8211; Atuba\/Pinheirinho, que liga o Norte ao Sul de Curitiba, passam a contar com uma amplia\u00e7\u00e3o que vai beneficiar curitibanos e moradores de Colombo, na Regi\u00e3o Metropolitana. A linha ser\u00e1 estendida da Esta\u00e7\u00e3o Atuba at\u00e9 o Terminal Maracan\u00e3, na Avenida Marginal Jos\u00e9 de Anchieta, 250, na cidade vizinha.<\/p>\n\n\n\n<p class=\"wp-block-paragraph\">As obras para viabilizar a extens\u00e3o, com a instala\u00e7\u00e3o de nova plataforma elevada no Terminal Maracan\u00e3, j\u00e1 est\u00e3o em andamento, por meio de parceria entre a Urbaniza\u00e7\u00e3o de Curitiba S.A. (Urbs) e a Ag\u00eancia de Assuntos Metropolitanos do Paran\u00e1, a Amep. A previs\u00e3o \u00e9 de aproximadamente 90 dias para conclus\u00e3o, apesar de o contrato com a empresa prever 180 dias para entrega das melhorias.<\/p>\n\n\n\n<p class=\"wp-block-paragraph\">Com o refor\u00e7o na frota, que ganhar\u00e1 tr\u00eas novos \u00f4nibus articulados, o tempo de espera ser\u00e1 reduzido, com intervalo de tempo caindo de 7 para 5 minutos.<\/p>\n\n\n\n<p class=\"wp-block-paragraph\">Atualmente, a linha transporta 16 mil passageiros por dia \u00fatil. Com essa amplia\u00e7\u00e3o, ser\u00e3o atendidos 19.200 passageiros por dia \u00fatil. O presidente da Urbs, Ogeny Pedro Maia Neto, destaca que a mudan\u00e7a foi planejada para garantir mais conforto e qualidade de vida aos passageiros.<\/p>\n\n\n\n<p class=\"wp-block-paragraph\">\u201c\u00c9 mais oferta, mais regularidade e mais respeito com o tempo do passageiro. Assim damos mais um passo decisivo no fortalecimento da integra\u00e7\u00e3o com o munic\u00edpio vizinho de Colombo. Estamos ultrapassando divisas territoriais para colocar, em primeiro lugar, o que realmente importa: a vida, a rotina e o tempo dos nossos cidad\u00e3os\u201d, afirma Maia Neto.<\/p>\n\n\n\n<p class=\"wp-block-paragraph\">\u201cA mobilidade de uma metr\u00f3pole n\u00e3o pode ser limitada por fronteiras geogr\u00e1ficas. Quem vive em Colombo e trabalha ou estuda em Curitiba, ou o contr\u00e1rio, merece um transporte p\u00fablico eficiente e seguro\u201d, completa o presidente da Urbs, que visitou a Esta\u00e7\u00e3o Atuba e as obras no Terminal Maracan\u00e3, acompanhado do diretor-presidente da Amep, Gilson de Jesus dos Santos.<\/p>\n\n\n\n<p class=\"wp-block-paragraph\">Ao final da obra, a linha, que hoje conta com uma extens\u00e3o total de 36,181 quil\u00f4metros (ida e volta), receber\u00e1 um acr\u00e9scimo de 5,250 quil\u00f4metros, passando a operar com uma extens\u00e3o total de 41,431 quil\u00f4metros at\u00e9 Colombo.<\/p>\n\n\n\n<p class=\"wp-block-paragraph\">A Esta\u00e7\u00e3o Atuba, na Linha Verde em Curitiba, foi inaugurada em 2024 e atende principalmente os munic\u00edpios de Colombo, Quatro Barras e Campina Grande do Sul, integrando o transporte da Regi\u00e3o Metropolitana, que engloba 29 munic\u00edpios (incluindo a capital) e re\u00fane uma popula\u00e7\u00e3o superior a 3,7 milh\u00f5es de pessoas.<\/p>\n\n\n\n<p class=\"wp-block-paragraph\"><strong>Quer conhecer os trajetos?<\/strong><\/p>\n\n\n\n<p class=\"wp-block-paragraph\">Para consultar qualquer linha de \u00f4nibus do transporte coletivo p\u00fablico de Curitiba, navegue pelo site da Urbs.<\/p>\n\n\n\n<p class=\"wp-block-paragraph\"><strong>Arauc\u00e1ria<\/strong><\/p>\n\n\n\n<p class=\"wp-block-paragraph\">A integra\u00e7\u00e3o no transporte metropolitano j\u00e1 recebeu recentemente outro refor\u00e7o, beneficiando a popula\u00e7\u00e3o de Arauc\u00e1ria. Em agosto, foi anunciada a licita\u00e7\u00e3o para amplia\u00e7\u00e3o e reforma do terminal central de Arauc\u00e1ria, al\u00e9m da entrega de novos \u00f4nibus para atender as linhas entre o munic\u00edpio vizinho e a capital. S\u00e3o 12 \u00f4nibus Volvo para opera\u00e7\u00e3o ligeirinho e tr\u00eas articulados multimodais incorporados na frota da rede integrada metropolitana. At\u00e9 o final do ano ser\u00e3o entregues mais 16, totalizando 28 \u00f4nibus entregues para Arauc\u00e1ria.<\/p>\n\n\n\n<p class=\"wp-block-paragraph\">O terminal ganhar\u00e1 mais espa\u00e7o, melhorando sua infraestrutura. Os investimentos garantem nova cobertura e pisos, aumento do n\u00famero de plataformas, novos espa\u00e7os comerciais e novos banheiros.<\/p>\n\n\n\n<p class=\"wp-block-paragraph\">O local ser\u00e1 totalmente adequado \u00e0s normas de acessibilidade e de seguran\u00e7a, al\u00e9m da instala\u00e7\u00e3o de uma usina de energia solar com 242 pain\u00e9is fotovoltaicos, elevador, sistema de climatiza\u00e7\u00e3o, monitoramento por c\u00e2meras, biciclet\u00e1rios e novos espa\u00e7os de apoio operacional e de atendimento ao p\u00fablico.<\/p>\n\n\n\n<p class=\"wp-block-paragraph\"><strong>Indutora do desenvolvimento<\/strong><\/p>\n\n\n\n<p class=\"wp-block-paragraph\">A integra\u00e7\u00e3o do transporte \u00e9 vital para um territ\u00f3rio amplo como o da Regi\u00e3o Metropolitana de Curitiba, com 16,5 mil quil\u00f4metros quadrados, onde muitas pessoas vivem em uma cidade e trabalham em outra. \u00c9 a segunda maior regi\u00e3o metropolitana do Brasil em extens\u00e3o territorial, atr\u00e1s apenas de Manaus, no Amazonas.<\/p>\n\n\n\n<p class=\"wp-block-paragraph\">Segundo o estudo Gest\u00e3o de Territ\u00f3rio do Instituto Brasileiro de Geografia e Estat\u00edstica (IBGE), a capital do Paran\u00e1 ficou em d\u00e9cima posi\u00e7\u00e3o nas liga\u00e7\u00f5es empresariais entre os munic\u00edpios. O indicador utilizado nesse crit\u00e9rio \u00e9 o n\u00famero de assalariados externos ao munic\u00edpio, que em Curitiba cresceu de 97,2 mil para 99 mil na \u00faltima d\u00e9cada.<\/p>\n\n\n\n<p class=\"wp-block-paragraph\">Esse levantamento, na segunda edi\u00e7\u00e3o, mostra, no universo dos 5.570 munic\u00edpios do Brasil, quais s\u00e3o os Centros de Gest\u00e3o respons\u00e1veis pelo papel de comando na rede urbana brasileira, tanto do ponto de vista empresarial quanto da gest\u00e3o p\u00fablica.<\/p>\n\n\n\n<p class=\"wp-block-paragraph\">Entre as principais empresas instaladas na regi\u00e3o est\u00e3o as da \u00e1rea automotiva, aliment\u00edcia e de equipamentos. Com quase 1,8 milh\u00e3o de habitantes, a capital \u00e9 a sexta economia do Brasil, a maior do Sul, e lidera o desenvolvimento integrado de toda \u00e1rea metropolitana.<\/p>\n","protected":false},"excerpt":{"rendered":"<p>Os usu\u00e1rios da Linha 350 &#8211; Atuba\/Pinheirinho, que liga o Norte ao Sul de Curitiba, passam a contar com uma [&hellip;]<\/p>\n","protected":false},"author":4,"featured_media":12433,"comment_status":"open","ping_status":"open","sticky":false,"template":"","format":"standard","meta":{"footnotes":""},"categories":[6],"tags":[],"class_list":["post-12432","post","type-post","status-publish","format-standard","has-post-thumbnail","hentry","category-transporte-coletivo"],"acf":[],"yoast_head":"<!-- This site is optimized with the Yoast SEO plugin v28.4 - https:\/\/yoast.com\/product\/yoast-seo-wordpress\/ -->\n<title>Linha de \u00f4nibus que liga o Pinheirinho ao Atuba ser\u00e1 estendida at\u00e9 Colombo - URBS<\/title>\n<meta name=\"robots\" content=\"index, follow, max-snippet:-1, max-image-preview:large, max-video-preview:-1\" \/>\n<link rel=\"canonical\" href=\"https:\/\/www.urbs.curitiba.pr.gov.br\/portal\/linha-de-onibus-que-liga-o-pinheirinho-ao-atuba-sera-estendida-ate-colombo\/\" \/>\n<meta property=\"og:locale\" content=\"pt_BR\" \/>\n<meta property=\"og:type\" content=\"article\" \/>\n<meta property=\"og:title\" content=\"Linha de \u00f4nibus que liga o Pinheirinho ao Atuba ser\u00e1 estendida at\u00e9 Colombo - URBS\" \/>\n<meta property=\"og:description\" content=\"Os usu\u00e1rios da Linha 350 &#8211; Atuba\/Pinheirinho, que liga o Norte ao Sul de Curitiba, passam a contar com uma [&hellip;]\" \/>\n<meta property=\"og:url\" content=\"https:\/\/www.urbs.curitiba.pr.gov.br\/portal\/linha-de-onibus-que-liga-o-pinheirinho-ao-atuba-sera-estendida-ate-colombo\/\" \/>\n<meta property=\"og:site_name\" content=\"URBS\" \/>\n<meta property=\"article:publisher\" content=\"https:\/\/www.facebook.com\/UrbsCuritiba\/\" \/>\n<meta property=\"article:published_time\" content=\"2026-09-03T19:44:01+00:00\" \/>\n<meta property=\"article:modified_time\" content=\"2026-09-03T19:45:12+00:00\" \/>\n<meta property=\"og:image\" content=\"https:\/\/www.urbs.curitiba.pr.gov.br\/portal\/wp-content\/uploads\/2026\/09\/atuba-pinheirinho.png\" \/>\n\t<meta property=\"og:image:width\" content=\"800\" \/>\n\t<meta property=\"og:image:height\" content=\"533\" \/>\n\t<meta property=\"og:image:type\" content=\"image\/png\" \/>\n<meta name=\"author\" content=\"Francisco Jose Zerbeto Assis\" \/>\n<meta name=\"twitter:card\" content=\"summary_large_image\" \/>\n<meta name=\"twitter:label1\" content=\"Escrito por\" \/>\n\t<meta name=\"twitter:data1\" content=\"Francisco Jose Zerbeto Assis\" \/>\n\t<meta name=\"twitter:label2\" content=\"Est. tempo de leitura\" \/>\n\t<meta name=\"twitter:data2\" content=\"5 minutos\" \/>\n<script type=\"application\/ld+json\" class=\"yoast-schema-graph\">{\"@context\":\"https:\\\/\\\/schema.org\",\"@graph\":[{\"@type\":\"Article\",\"@id\":\"https:\\\/\\\/www.urbs.curitiba.pr.gov.br\\\/portal\\\/linha-de-onibus-que-liga-o-pinheirinho-ao-atuba-sera-estendida-ate-colombo\\\/#article\",\"isPartOf\":{\"@id\":\"https:\\\/\\\/www.urbs.curitiba.pr.gov.br\\\/portal\\\/linha-de-onibus-que-liga-o-pinheirinho-ao-atuba-sera-estendida-ate-colombo\\\/\"},\"author\":{\"name\":\"Francisco Jose Zerbeto Assis\",\"@id\":\"https:\\\/\\\/www.urbs.curitiba.pr.gov.br\\\/portal\\\/#\\\/schema\\\/person\\\/ab6b6e14d348c1ef165b5086fc8c6225\"},\"headline\":\"Linha de \u00f4nibus que liga o Pinheirinho ao Atuba ser\u00e1 estendida at\u00e9 Colombo\",\"datePublished\":\"2026-09-03T19:44:01+00:00\",\"dateModified\":\"2026-09-03T19:45:12+00:00\",\"mainEntityOfPage\":{\"@id\":\"https:\\\/\\\/www.urbs.curitiba.pr.gov.br\\\/portal\\\/linha-de-onibus-que-liga-o-pinheirinho-ao-atuba-sera-estendida-ate-colombo\\\/\"},\"wordCount\":828,\"commentCount\":0,\"publisher\":{\"@id\":\"https:\\\/\\\/www.urbs.curitiba.pr.gov.br\\\/portal\\\/#organization\"},\"image\":{\"@id\":\"https:\\\/\\\/www.urbs.curitiba.pr.gov.br\\\/portal\\\/linha-de-onibus-que-liga-o-pinheirinho-ao-atuba-sera-estendida-ate-colombo\\\/#primaryimage\"},\"thumbnailUrl\":\"https:\\\/\\\/www.urbs.curitiba.pr.gov.br\\\/portal\\\/wp-content\\\/uploads\\\/2026\\\/09\\\/atuba-pinheirinho.png\",\"articleSection\":[\"Transporte Coletivo\"],\"inLanguage\":\"pt-BR\",\"potentialAction\":[{\"@type\":\"CommentAction\",\"name\":\"Comment\",\"target\":[\"https:\\\/\\\/www.urbs.curitiba.pr.gov.br\\\/portal\\\/linha-de-onibus-que-liga-o-pinheirinho-ao-atuba-sera-estendida-ate-colombo\\\/#respond\"]}]},{\"@type\":\"WebPage\",\"@id\":\"https:\\\/\\\/www.urbs.curitiba.pr.gov.br\\\/portal\\\/linha-de-onibus-que-liga-o-pinheirinho-ao-atuba-sera-estendida-ate-colombo\\\/\",\"url\":\"https:\\\/\\\/www.urbs.curitiba.pr.gov.br\\\/portal\\\/linha-de-onibus-que-liga-o-pinheirinho-ao-atuba-sera-estendida-ate-colombo\\\/\",\"name\":\"Linha de \u00f4nibus que liga o Pinheirinho ao Atuba ser\u00e1 estendida at\u00e9 Colombo - URBS\",\"isPartOf\":{\"@id\":\"https:\\\/\\\/www.urbs.curitiba.pr.gov.br\\\/portal\\\/#website\"},\"primaryImageOfPage\":{\"@id\":\"https:\\\/\\\/www.urbs.curitiba.pr.gov.br\\\/portal\\\/linha-de-onibus-que-liga-o-pinheirinho-ao-atuba-sera-estendida-ate-colombo\\\/#primaryimage\"},\"image\":{\"@id\":\"https:\\\/\\\/www.urbs.curitiba.pr.gov.br\\\/portal\\\/linha-de-onibus-que-liga-o-pinheirinho-ao-atuba-sera-estendida-ate-colombo\\\/#primaryimage\"},\"thumbnailUrl\":\"https:\\\/\\\/www.urbs.curitiba.pr.gov.br\\\/portal\\\/wp-content\\\/uploads\\\/2026\\\/09\\\/atuba-pinheirinho.png\",\"datePublished\":\"2026-09-03T19:44:01+00:00\",\"dateModified\":\"2026-09-03T19:45:12+00:00\",\"breadcrumb\":{\"@id\":\"https:\\\/\\\/www.urbs.curitiba.pr.gov.br\\\/portal\\\/linha-de-onibus-que-liga-o-pinheirinho-ao-atuba-sera-estendida-ate-colombo\\\/#breadcrumb\"},\"inLanguage\":\"pt-BR\",\"potentialAction\":[{\"@type\":\"ReadAction\",\"target\":[\"https:\\\/\\\/www.urbs.curitiba.pr.gov.br\\\/portal\\\/linha-de-onibus-que-liga-o-pinheirinho-ao-atuba-sera-estendida-ate-colombo\\\/\"]}]},{\"@type\":\"ImageObject\",\"inLanguage\":\"pt-BR\",\"@id\":\"https:\\\/\\\/www.urbs.curitiba.pr.gov.br\\\/portal\\\/linha-de-onibus-que-liga-o-pinheirinho-ao-atuba-sera-estendida-ate-colombo\\\/#primaryimage\",\"url\":\"https:\\\/\\\/www.urbs.curitiba.pr.gov.br\\\/portal\\\/wp-content\\\/uploads\\\/2026\\\/09\\\/atuba-pinheirinho.png\",\"contentUrl\":\"https:\\\/\\\/www.urbs.curitiba.pr.gov.br\\\/portal\\\/wp-content\\\/uploads\\\/2026\\\/09\\\/atuba-pinheirinho.png\",\"width\":800,\"height\":533},{\"@type\":\"BreadcrumbList\",\"@id\":\"https:\\\/\\\/www.urbs.curitiba.pr.gov.br\\\/portal\\\/linha-de-onibus-que-liga-o-pinheirinho-ao-atuba-sera-estendida-ate-colombo\\\/#breadcrumb\",\"itemListElement\":[{\"@type\":\"ListItem\",\"position\":1,\"name\":\"In\u00edcio\",\"item\":\"https:\\\/\\\/www.urbs.curitiba.pr.gov.br\\\/portal\\\/\"},{\"@type\":\"ListItem\",\"position\":2,\"name\":\"Transporte Coletivo\",\"item\":\"https:\\\/\\\/www.urbs.curitiba.pr.gov.br\\\/portal\\\/category\\\/transporte-coletivo\\\/\"},{\"@type\":\"ListItem\",\"position\":3,\"name\":\"Linha de \u00f4nibus que liga o Pinheirinho ao Atuba ser\u00e1 estendida at\u00e9 Colombo\"}]},{\"@type\":\"WebSite\",\"@id\":\"https:\\\/\\\/www.urbs.curitiba.pr.gov.br\\\/portal\\\/#website\",\"url\":\"https:\\\/\\\/www.urbs.curitiba.pr.gov.br\\\/portal\\\/\",\"name\":\"URBS\",\"description\":\"Urbaniza\u00e7\u00e3o de Curitiba\",\"publisher\":{\"@id\":\"https:\\\/\\\/www.urbs.curitiba.pr.gov.br\\\/portal\\\/#organization\"},\"potentialAction\":[{\"@type\":\"SearchAction\",\"target\":{\"@type\":\"EntryPoint\",\"urlTemplate\":\"https:\\\/\\\/www.urbs.curitiba.pr.gov.br\\\/portal\\\/?s={search_term_string}\"},\"query-input\":{\"@type\":\"PropertyValueSpecification\",\"valueRequired\":true,\"valueName\":\"search_term_string\"}}],\"inLanguage\":\"pt-BR\"},{\"@type\":\"Organization\",\"@id\":\"https:\\\/\\\/www.urbs.curitiba.pr.gov.br\\\/portal\\\/#organization\",\"name\":\"URBS\",\"url\":\"https:\\\/\\\/www.urbs.curitiba.pr.gov.br\\\/portal\\\/\",\"logo\":{\"@type\":\"ImageObject\",\"inLanguage\":\"pt-BR\",\"@id\":\"https:\\\/\\\/www.urbs.curitiba.pr.gov.br\\\/portal\\\/#\\\/schema\\\/logo\\\/image\\\/\",\"url\":\"https:\\\/\\\/www.urbs.curitiba.pr.gov.br\\\/portal\\\/wp-content\\\/uploads\\\/2024\\\/03\\\/logo-urbs-cinza.svg\",\"contentUrl\":\"https:\\\/\\\/www.urbs.curitiba.pr.gov.br\\\/portal\\\/wp-content\\\/uploads\\\/2024\\\/03\\\/logo-urbs-cinza.svg\",\"width\":940,\"height\":420,\"caption\":\"URBS\"},\"image\":{\"@id\":\"https:\\\/\\\/www.urbs.curitiba.pr.gov.br\\\/portal\\\/#\\\/schema\\\/logo\\\/image\\\/\"},\"sameAs\":[\"https:\\\/\\\/www.facebook.com\\\/UrbsCuritiba\\\/\",\"https:\\\/\\\/www.instagram.com\\\/urbs_curitiba\\\/\"]},{\"@type\":\"Person\",\"@id\":\"https:\\\/\\\/www.urbs.curitiba.pr.gov.br\\\/portal\\\/#\\\/schema\\\/person\\\/ab6b6e14d348c1ef165b5086fc8c6225\",\"name\":\"Francisco Jose Zerbeto Assis\",\"image\":{\"@type\":\"ImageObject\",\"inLanguage\":\"pt-BR\",\"@id\":\"https:\\\/\\\/secure.gravatar.com\\\/avatar\\\/5a19657e1351e46a81537640d639353d46076b0e5f376f466bfb60e86bf95da9?s=96&d=mm&r=g\",\"url\":\"https:\\\/\\\/secure.gravatar.com\\\/avatar\\\/5a19657e1351e46a81537640d639353d46076b0e5f376f466bfb60e86bf95da9?s=96&d=mm&r=g\",\"contentUrl\":\"https:\\\/\\\/secure.gravatar.com\\\/avatar\\\/5a19657e1351e46a81537640d639353d46076b0e5f376f466bfb60e86bf95da9?s=96&d=mm&r=g\",\"caption\":\"Francisco Jose Zerbeto Assis\"},\"url\":\"https:\\\/\\\/www.urbs.curitiba.pr.gov.br\\\/portal\\\/author\\\/frassis\\\/\"}]}<\/script>\n<!-- \/ Yoast SEO plugin. -->","yoast_head_json":{"title":"Linha de \u00f4nibus que liga o Pinheirinho ao Atuba ser\u00e1 estendida at\u00e9 Colombo - URBS","robots":{"index":"index","follow":"follow","max-snippet":"max-snippet:-1","max-image-preview":"max-image-preview:large","max-video-preview":"max-video-preview:-1"},"canonical":"https:\/\/www.urbs.curitiba.pr.gov.br\/portal\/linha-de-onibus-que-liga-o-pinheirinho-ao-atuba-sera-estendida-ate-colombo\/","og_locale":"pt_BR","og_type":"article","og_title":"Linha de \u00f4nibus que liga o Pinheirinho ao Atuba ser\u00e1 estendida at\u00e9 Colombo - URBS","og_description":"Os usu\u00e1rios da Linha 350 &#8211; Atuba\/Pinheirinho, que liga o Norte ao Sul de Curitiba, passam a contar com uma [&hellip;]","og_url":"https:\/\/www.urbs.curitiba.pr.gov.br\/portal\/linha-de-onibus-que-liga-o-pinheirinho-ao-atuba-sera-estendida-ate-colombo\/","og_site_name":"URBS","article_publisher":"https:\/\/www.facebook.com\/UrbsCuritiba\/","article_published_time":"2026-09-03T19:44:01+00:00","article_modified_time":"2026-09-03T19:45:12+00:00","og_image":[{"width":800,"height":533,"url":"https:\/\/www.urbs.curitiba.pr.gov.br\/portal\/wp-content\/uploads\/2026\/09\/atuba-pinheirinho.png","type":"image\/png"}],"author":"Francisco Jose Zerbeto Assis","twitter_card":"summary_large_image","twitter_misc":{"Escrito por":"Francisco Jose Zerbeto Assis","Est. tempo de leitura":"5 minutos"},"schema":{"@context":"https:\/\/schema.org","@graph":[{"@type":"Article","@id":"https:\/\/www.urbs.curitiba.pr.gov.br\/portal\/linha-de-onibus-que-liga-o-pinheirinho-ao-atuba-sera-estendida-ate-colombo\/#article","isPartOf":{"@id":"https:\/\/www.urbs.curitiba.pr.gov.br\/portal\/linha-de-onibus-que-liga-o-pinheirinho-ao-atuba-sera-estendida-ate-colombo\/"},"author":{"name":"Francisco Jose Zerbeto Assis","@id":"https:\/\/www.urbs.curitiba.pr.gov.br\/portal\/#\/schema\/person\/ab6b6e14d348c1ef165b5086fc8c6225"},"headline":"Linha de \u00f4nibus que liga o Pinheirinho ao Atuba ser\u00e1 estendida at\u00e9 Colombo","datePublished":"2026-09-03T19:44:01+00:00","dateModified":"2026-09-03T19:45:12+00:00","mainEntityOfPage":{"@id":"https:\/\/www.urbs.curitiba.pr.gov.br\/portal\/linha-de-onibus-que-liga-o-pinheirinho-ao-atuba-sera-estendida-ate-colombo\/"},"wordCount":828,"commentCount":0,"publisher":{"@id":"https:\/\/www.urbs.curitiba.pr.gov.br\/portal\/#organization"},"image":{"@id":"https:\/\/www.urbs.curitiba.pr.gov.br\/portal\/linha-de-onibus-que-liga-o-pinheirinho-ao-atuba-sera-estendida-ate-colombo\/#primaryimage"},"thumbnailUrl":"https:\/\/www.urbs.curitiba.pr.gov.br\/portal\/wp-content\/uploads\/2026\/09\/atuba-pinheirinho.png","articleSection":["Transporte Coletivo"],"inLanguage":"pt-BR","potentialAction":[{"@type":"CommentAction","name":"Comment","target":["https:\/\/www.urbs.curitiba.pr.gov.br\/portal\/linha-de-onibus-que-liga-o-pinheirinho-ao-atuba-sera-estendida-ate-colombo\/#respond"]}]},{"@type":"WebPage","@id":"https:\/\/www.urbs.curitiba.pr.gov.br\/portal\/linha-de-onibus-que-liga-o-pinheirinho-ao-atuba-sera-estendida-ate-colombo\/","url":"https:\/\/www.urbs.curitiba.pr.gov.br\/portal\/linha-de-onibus-que-liga-o-pinheirinho-ao-atuba-sera-estendida-ate-colombo\/","name":"Linha de \u00f4nibus que liga o Pinheirinho ao Atuba ser\u00e1 estendida at\u00e9 Colombo - URBS","isPartOf":{"@id":"https:\/\/www.urbs.curitiba.pr.gov.br\/portal\/#website"},"primaryImageOfPage":{"@id":"https:\/\/www.urbs.curitiba.pr.gov.br\/portal\/linha-de-onibus-que-liga-o-pinheirinho-ao-atuba-sera-estendida-ate-colombo\/#primaryimage"},"image":{"@id":"https:\/\/www.urbs.curitiba.pr.gov.br\/portal\/linha-de-onibus-que-liga-o-pinheirinho-ao-atuba-sera-estendida-ate-colombo\/#primaryimage"},"thumbnailUrl":"https:\/\/www.urbs.curitiba.pr.gov.br\/portal\/wp-content\/uploads\/2026\/09\/atuba-pinheirinho.png","datePublished":"2026-09-03T19:44:01+00:00","dateModified":"2026-09-03T19:45:12+00:00","breadcrumb":{"@id":"https:\/\/www.urbs.curitiba.pr.gov.br\/portal\/linha-de-onibus-que-liga-o-pinheirinho-ao-atuba-sera-estendida-ate-colombo\/#breadcrumb"},"inLanguage":"pt-BR","potentialAction":[{"@type":"ReadAction","target":["https:\/\/www.urbs.curitiba.pr.gov.br\/portal\/linha-de-onibus-que-liga-o-pinheirinho-ao-atuba-sera-estendida-ate-colombo\/"]}]},{"@type":"ImageObject","inLanguage":"pt-BR","@id":"https:\/\/www.urbs.curitiba.pr.gov.br\/portal\/linha-de-onibus-que-liga-o-pinheirinho-ao-atuba-sera-estendida-ate-colombo\/#primaryimage","url":"https:\/\/www.urbs.curitiba.pr.gov.br\/portal\/wp-content\/uploads\/2026\/09\/atuba-pinheirinho.png","contentUrl":"https:\/\/www.urbs.curitiba.pr.gov.br\/portal\/wp-content\/uploads\/2026\/09\/atuba-pinheirinho.png","width":800,"height":533},{"@type":"BreadcrumbList","@id":"https:\/\/www.urbs.curitiba.pr.gov.br\/portal\/linha-de-onibus-que-liga-o-pinheirinho-ao-atuba-sera-estendida-ate-colombo\/#breadcrumb","itemListElement":[{"@type":"ListItem","position":1,"name":"In\u00edcio","item":"https:\/\/www.urbs.curitiba.pr.gov.br\/portal\/"},{"@type":"ListItem","position":2,"name":"Transporte Coletivo","item":"https:\/\/www.urbs.curitiba.pr.gov.br\/portal\/category\/transporte-coletivo\/"},{"@type":"ListItem","position":3,"name":"Linha de \u00f4nibus que liga o Pinheirinho ao Atuba ser\u00e1 estendida at\u00e9 Colombo"}]},{"@type":"WebSite","@id":"https:\/\/www.urbs.curitiba.pr.gov.br\/portal\/#website","url":"https:\/\/www.urbs.curitiba.pr.gov.br\/portal\/","name":"URBS","description":"Urbaniza\u00e7\u00e3o de Curitiba","publisher":{"@id":"https:\/\/www.urbs.curitiba.pr.gov.br\/portal\/#organization"},"potentialAction":[{"@type":"SearchAction","target":{"@type":"EntryPoint","urlTemplate":"https:\/\/www.urbs.curitiba.pr.gov.br\/portal\/?s={search_term_string}"},"query-input":{"@type":"PropertyValueSpecification","valueRequired":true,"valueName":"search_term_string"}}],"inLanguage":"pt-BR"},{"@type":"Organization","@id":"https:\/\/www.urbs.curitiba.pr.gov.br\/portal\/#organization","name":"URBS","url":"https:\/\/www.urbs.curitiba.pr.gov.br\/portal\/","logo":{"@type":"ImageObject","inLanguage":"pt-BR","@id":"https:\/\/www.urbs.curitiba.pr.gov.br\/portal\/#\/schema\/logo\/image\/","url":"https:\/\/www.urbs.curitiba.pr.gov.br\/portal\/wp-content\/uploads\/2024\/03\/logo-urbs-cinza.svg","contentUrl":"https:\/\/www.urbs.curitiba.pr.gov.br\/portal\/wp-content\/uploads\/2024\/03\/logo-urbs-cinza.svg","width":940,"height":420,"caption":"URBS"},"image":{"@id":"https:\/\/www.urbs.curitiba.pr.gov.br\/portal\/#\/schema\/logo\/image\/"},"sameAs":["https:\/\/www.facebook.com\/UrbsCuritiba\/","https:\/\/www.instagram.com\/urbs_curitiba\/"]},{"@type":"Person","@id":"https:\/\/www.urbs.curitiba.pr.gov.br\/portal\/#\/schema\/person\/ab6b6e14d348c1ef165b5086fc8c6225","name":"Francisco Jose Zerbeto Assis","image":{"@type":"ImageObject","inLanguage":"pt-BR","@id":"https:\/\/secure.gravatar.com\/avatar\/5a19657e1351e46a81537640d639353d46076b0e5f376f466bfb60e86bf95da9?s=96&d=mm&r=g","url":"https:\/\/secure.gravatar.com\/avatar\/5a19657e1351e46a81537640d639353d46076b0e5f376f466bfb60e86bf95da9?s=96&d=mm&r=g","contentUrl":"https:\/\/secure.gravatar.com\/avatar\/5a19657e1351e46a81537640d639353d46076b0e5f376f466bfb60e86bf95da9?s=96&d=mm&r=g","caption":"Francisco Jose Zerbeto Assis"},"url":"https:\/\/www.urbs.curitiba.pr.gov.br\/portal\/author\/frassis\/"}]}},"_links":{"self":[{"href":"https:\/\/www.urbs.curitiba.pr.gov.br\/portal\/wp-json\/wp\/v2\/posts\/12432","targetHints":{"allow":["GET"]}}],"collection":[{"href":"https:\/\/www.urbs.curitiba.pr.gov.br\/portal\/wp-json\/wp\/v2\/posts"}],"about":[{"href":"https:\/\/www.urbs.curitiba.pr.gov.br\/portal\/wp-json\/wp\/v2\/types\/post"}],"author":[{"embeddable":true,"href":"https:\/\/www.urbs.curitiba.pr.gov.br\/portal\/wp-json\/wp\/v2\/users\/4"}],"replies":[{"embeddable":true,"href":"https:\/\/www.urbs.curitiba.pr.gov.br\/portal\/wp-json\/wp\/v2\/comments?post=12432"}],"version-history":[{"count":2,"href":"https:\/\/www.urbs.curitiba.pr.gov.br\/portal\/wp-json\/wp\/v2\/posts\/12432\/revisions"}],"predecessor-version":[{"id":12435,"href":"https:\/\/www.urbs.curitiba.pr.gov.br\/portal\/wp-json\/wp\/v2\/posts\/12432\/revisions\/12435"}],"wp:featuredmedia":[{"embeddable":true,"href":"https:\/\/www.urbs.curitiba.pr.gov.br\/portal\/wp-json\/wp\/v2\/media\/12433"}],"wp:attachment":[{"href":"https:\/\/www.urbs.curitiba.pr.gov.br\/portal\/wp-json\/wp\/v2\/media?parent=12432"}],"wp:term":[{"taxonomy":"category","embeddable":true,"href":"https:\/\/www.urbs.curitiba.pr.gov.br\/portal\/wp-json\/wp\/v2\/categories?post=12432"},{"taxonomy":"post_tag","embeddable":true,"href":"https:\/\/www.urbs.curitiba.pr.gov.br\/portal\/wp-json\/wp\/v2\/tags?post=12432"}],"curies":[{"name":"wp","href":"https:\/\/api.w.org\/{rel}","templated":true}]}}