{"id":12443,"date":"2026-09-04T11:48:59","date_gmt":"2026-09-04T14:48:59","guid":{"rendered":"https:\/\/www.urbs.curitiba.pr.gov.br\/portal\/?p=12443"},"modified":"2026-09-04T11:49:00","modified_gmt":"2026-09-04T14:49:00","slug":"atencao-passageiros-desfile-civico-vai-bloquear-a-avenida-candido-de-abreu-e-ruas-proximas-afetando-linhas-de-onibus","status":"publish","type":"post","link":"https:\/\/www.urbs.curitiba.pr.gov.br\/portal\/atencao-passageiros-desfile-civico-vai-bloquear-a-avenida-candido-de-abreu-e-ruas-proximas-afetando-linhas-de-onibus\/","title":{"rendered":"Aten\u00e7\u00e3o passageiros: desfile c\u00edvico vai bloquear a Avenida C\u00e2ndido de Abreu e ruas pr\u00f3ximas, afetando linhas de \u00f4nibus"},"content":{"rendered":"\n<p class=\"wp-block-paragraph\">Na segunda-feira (7\/9), ser\u00e1 realizado o tradicional Desfile C\u00edvico de 7 de Setembro, na Avenida C\u00e2ndido de Abreu. Para garantir a seguran\u00e7a do p\u00fablico de aproximadamente 30 mil pessoas que deve acompanhar o evento, ser\u00e3o realizados bloqueios de ruas nos bairros Bom Retiro, Centro, Centro C\u00edvico, S\u00e3o Francisco, Ahu, Alto da Gl\u00f3ria e Juvev\u00ea.<\/p>\n\n\n\n<p class=\"wp-block-paragraph\">A montagem da estrutura para o desfile come\u00e7a nesta sexta-feira (4\/9), por isso a marginal da Avenida C\u00e2ndido de Abreu, pista lenta entre as ruas Aristides Teixeira e Senador Xavier da Silva, ter\u00e1 bloqueio parcial. O trecho ficar\u00e1 bloqueado at\u00e9 o final da tarde de segunda-feira (7\/9), quando as estruturas ser\u00e3o desmontadas.<\/p>\n\n\n\n<p class=\"wp-block-paragraph\">Na segunda-feira (7\/9), dia do desfile, toda a Avenida C\u00e2ndido de Abreu estar\u00e1 bloqueada das 3h \u00e0s 14h. Os motoristas n\u00e3o poder\u00e3o circular tamb\u00e9m na Rua Bar\u00e3o do Serro Azul (continua\u00e7\u00e3o da C\u00e2ndido de Abreu), desde a In\u00e1cio Lustosa at\u00e9 a Carlos Cavalcanti. O desfile ter\u00e1 in\u00edcio \u00e0s 9h e os motoristas devem ficar atentos aos bloqueios programados na regi\u00e3o para realiza\u00e7\u00e3o do evento. Agentes de tr\u00e2nsito, guardas municipais, policiais militares e soldados do Ex\u00e9rcito v\u00e3o organizar o fluxo vi\u00e1rio no local para garantir a seguran\u00e7a dos participantes do evento.<\/p>\n\n\n\n<p class=\"wp-block-paragraph\"><strong>Confira os pontos de bloqueio<\/strong><\/p>\n\n\n\n<ul class=\"wp-block-list\">\n<li>Rua Amintas de Barros x Rua Mariano Torres, na pista da esquerda;<\/li>\n\n\n\n<li>Rua Conselheiro Ara\u00fajo x Rua Luiz Le\u00e3o;<\/li>\n\n\n\n<li>Rua Presidente Farias x Rua Carlos Cavalcanti;<\/li>\n\n\n\n<li>Rua Bar\u00e3o do Cerro Azul x Rua Carlos Cavalcanti;<\/li>\n\n\n\n<li>Rua Carlos Cavalcanti x Rua Mateus Leme;<\/li>\n\n\n\n<li>Rua Carlos Cavalcanti x Rua Duque de Caxias;<\/li>\n\n\n\n<li>Rua Trajano Reis x Rua Paula Gomes;<\/li>\n\n\n\n<li>Rua Trajano Reis x Rua In\u00e1cio Lustosa;<\/li>\n\n\n\n<li>Rua Trajano Reis x Rua Bar\u00e3o de Antonina;<\/li>\n\n\n\n<li>Rua Mateus Leme x Rua Aristides Teixeira;<\/li>\n\n\n\n<li>Rua Mateus Leme x Rua Lysimaco Ferreira da Costa;<\/li>\n\n\n\n<li>Rua Mateus Leme x Rua Professor Benedito Nicolau dos Santos;<\/li>\n\n\n\n<li>Rua Mateus Leme x Rua Deputado M\u00e1rio de Barros;<\/li>\n\n\n\n<li>Rua Mateus Leme x Rua Jos\u00e9 Sab\u00f3ia Cortes;<\/li>\n\n\n\n<li>Rua Euclides Bandeira x Rua Jos\u00e9 Sab\u00f3ia Cortes;<\/li>\n\n\n\n<li>Rua Mateus Leme x Rua Albano Reis;<\/li>\n\n\n\n<li>Rua Brasilino Moura x Rua Francisco Scremin;<\/li>\n\n\n\n<li>Rua Eur\u00edpedes Garcez do Nascimento x Rua Benjamin Zilli;<\/li>\n\n\n\n<li>Rua Benjamin Zilli x Rua Alberto Foloni;<\/li>\n\n\n\n<li>Rua Guaratuba x Rua S\u00e3o Sebasti\u00e3o;<\/li>\n\n\n\n<li>Rua Guaratuba x Rua Francisco de Paula Guimar\u00e3es;<\/li>\n\n\n\n<li>Rua Guaratuba x Rua Ricardo Lemos;<\/li>\n\n\n\n<li>Rua Manoel Eufr\u00e1sio x Rua S\u00e3o Pio X;<\/li>\n\n\n\n<li>Rua S\u00e3o Pio X x Rua Mois\u00e9s Marcondes;<\/li>\n\n\n\n<li>Rua Rocha Pombo x Rua Marechal Mallet;<\/li>\n\n\n\n<li>Rua Alberto Foloni x Rua Deputado M\u00e1rio de Barros;<\/li>\n\n\n\n<li>Rua Alberto Foloni x Rua Augusto Severo;<\/li>\n\n\n\n<li>Rua Euz\u00e9bio da Mota x Rua Mau\u00e1;<\/li>\n\n\n\n<li>Rua Mau\u00e1 x Rua Campos Sales;<\/li>\n\n\n\n<li>Rua Augusto Severo x Avenida Jo\u00e3o Gualberto;<\/li>\n\n\n\n<li>Rua Mau\u00e1 x Avenida Jo\u00e3o Gualberto;<\/li>\n\n\n\n<li>Rua Ivo Le\u00e3o x Avenida Jo\u00e3o Gualberto;<\/li>\n\n\n\n<li>Rua Carlos Eduardo Le\u00e3o x Rua General Carneiro;<\/li>\n\n\n\n<li>Rua Agostinho Le\u00e3o J\u00fanior x Rua Padre Ant\u00f4nio.<\/li>\n<\/ul>\n\n\n\n<p class=\"wp-block-paragraph\"><strong>Transporte coletivo<\/strong><\/p>\n\n\n\n<p class=\"wp-block-paragraph\">Em fun\u00e7\u00e3o da montagem de palco para o desfile c\u00edvico de 7 de setembro, nesta sexta-feira (04), a partir das 14h, a Esta\u00e7\u00e3o Comendador Fontana (sentido Pinheirinho, CIC e Boqueir\u00e3o), ser\u00e1 desativada. Durante o per\u00edodo de desativa\u00e7\u00e3o da esta\u00e7\u00e3o, que deve permanecer fechada at\u00e9 07\/09 ap\u00f3s a desmontagem do palco, ser\u00e3o afetadas as linhas 505 \u2013 Boqueir\u00e3o \/ Centro C\u00edvico; 700 &#8211; Pinheirinho \/ Cabral; 607 \u2013 Colombo \/ CIC; e 210 \u2013 CIC \/ Cabral. Todas estas linhas, durante o per\u00edodo de interdi\u00e7\u00e3o da Esta\u00e7\u00e3o, far\u00e3o parada para embarque, desembarque e integra\u00e7\u00f5es na Esta\u00e7\u00e3o Prefeitura.<\/p>\n\n\n\n<p class=\"wp-block-paragraph\">A fiscaliza\u00e7\u00e3o da Urbaniza\u00e7\u00e3o de Curitiba S.A. (Urbs), empresa gestora do sistema de transporte coletivo da capital, acompanhar\u00e1 toda opera\u00e7\u00e3o.<\/p>\n\n\n\n<p class=\"wp-block-paragraph\">Agentes da Superintend\u00eancia de Tr\u00e2nsito da Secretaria Municipal de Defesa Social e Tr\u00e2nsito, da Guarda Municipal e da Pol\u00edcia Militar estar\u00e3o nas \u00e1reas de bloqueio para orientar os condutores.<\/p>\n\n\n\n<p class=\"wp-block-paragraph\">No dia do evento, \u00e9 recomendado evitar a \u00e1rea, pois n\u00e3o ser\u00e1 poss\u00edvel transitar devido \u00e0 passagem dos ve\u00edculos militares. Motoristas que n\u00e3o precisam acessar as regi\u00f5es afetadas s\u00e3o orientados a utilizar rotas alternativas, pois h\u00e1 previs\u00e3o de aumento do fluxo de ve\u00edculos na regi\u00e3o.<\/p>\n","protected":false},"excerpt":{"rendered":"<p>Na segunda-feira (7\/9), ser\u00e1 realizado o tradicional Desfile C\u00edvico de 7 de Setembro, na Avenida C\u00e2ndido de Abreu. Para garantir [&hellip;]<\/p>\n","protected":false},"author":4,"featured_media":12444,"comment_status":"open","ping_status":"open","sticky":false,"template":"","format":"standard","meta":{"footnotes":""},"categories":[6],"tags":[],"class_list":["post-12443","post","type-post","status-publish","format-standard","has-post-thumbnail","hentry","category-transporte-coletivo"],"acf":[],"yoast_head":"<!-- This site is optimized with the Yoast SEO plugin v28.4 - https:\/\/yoast.com\/product\/yoast-seo-wordpress\/ -->\n<title>Aten\u00e7\u00e3o passageiros: desfile c\u00edvico vai bloquear a Avenida C\u00e2ndido de Abreu e ruas pr\u00f3ximas, afetando linhas de \u00f4nibus - URBS<\/title>\n<meta name=\"robots\" content=\"index, follow, max-snippet:-1, max-image-preview:large, max-video-preview:-1\" \/>\n<link rel=\"canonical\" href=\"https:\/\/www.urbs.curitiba.pr.gov.br\/portal\/atencao-passageiros-desfile-civico-vai-bloquear-a-avenida-candido-de-abreu-e-ruas-proximas-afetando-linhas-de-onibus\/\" \/>\n<meta property=\"og:locale\" content=\"pt_BR\" \/>\n<meta property=\"og:type\" content=\"article\" \/>\n<meta property=\"og:title\" content=\"Aten\u00e7\u00e3o passageiros: desfile c\u00edvico vai bloquear a Avenida C\u00e2ndido de Abreu e ruas pr\u00f3ximas, afetando linhas de \u00f4nibus - URBS\" \/>\n<meta property=\"og:description\" content=\"Na segunda-feira (7\/9), ser\u00e1 realizado o tradicional Desfile C\u00edvico de 7 de Setembro, na Avenida C\u00e2ndido de Abreu. Para garantir [&hellip;]\" \/>\n<meta property=\"og:url\" content=\"https:\/\/www.urbs.curitiba.pr.gov.br\/portal\/atencao-passageiros-desfile-civico-vai-bloquear-a-avenida-candido-de-abreu-e-ruas-proximas-afetando-linhas-de-onibus\/\" \/>\n<meta property=\"og:site_name\" content=\"URBS\" \/>\n<meta property=\"article:publisher\" content=\"https:\/\/www.facebook.com\/UrbsCuritiba\/\" \/>\n<meta property=\"article:published_time\" content=\"2026-09-04T14:48:59+00:00\" \/>\n<meta property=\"article:modified_time\" content=\"2026-09-04T14:49:00+00:00\" \/>\n<meta property=\"og:image\" content=\"https:\/\/www.urbs.curitiba.pr.gov.br\/portal\/wp-content\/uploads\/2026\/09\/bloqueio-transito.png\" \/>\n\t<meta property=\"og:image:width\" content=\"800\" \/>\n\t<meta property=\"og:image:height\" content=\"479\" \/>\n\t<meta property=\"og:image:type\" content=\"image\/png\" \/>\n<meta name=\"author\" content=\"Francisco Jose Zerbeto Assis\" \/>\n<meta name=\"twitter:card\" content=\"summary_large_image\" \/>\n<meta name=\"twitter:label1\" content=\"Escrito por\" \/>\n\t<meta name=\"twitter:data1\" content=\"Francisco Jose Zerbeto Assis\" \/>\n\t<meta name=\"twitter:label2\" content=\"Est. tempo de leitura\" \/>\n\t<meta name=\"twitter:data2\" content=\"4 minutos\" \/>\n<script type=\"application\/ld+json\" class=\"yoast-schema-graph\">{\"@context\":\"https:\\\/\\\/schema.org\",\"@graph\":[{\"@type\":\"Article\",\"@id\":\"https:\\\/\\\/www.urbs.curitiba.pr.gov.br\\\/portal\\\/atencao-passageiros-desfile-civico-vai-bloquear-a-avenida-candido-de-abreu-e-ruas-proximas-afetando-linhas-de-onibus\\\/#article\",\"isPartOf\":{\"@id\":\"https:\\\/\\\/www.urbs.curitiba.pr.gov.br\\\/portal\\\/atencao-passageiros-desfile-civico-vai-bloquear-a-avenida-candido-de-abreu-e-ruas-proximas-afetando-linhas-de-onibus\\\/\"},\"author\":{\"name\":\"Francisco Jose Zerbeto Assis\",\"@id\":\"https:\\\/\\\/www.urbs.curitiba.pr.gov.br\\\/portal\\\/#\\\/schema\\\/person\\\/ab6b6e14d348c1ef165b5086fc8c6225\"},\"headline\":\"Aten\u00e7\u00e3o passageiros: desfile c\u00edvico vai bloquear a Avenida C\u00e2ndido de Abreu e ruas pr\u00f3ximas, afetando linhas de \u00f4nibus\",\"datePublished\":\"2026-09-04T14:48:59+00:00\",\"dateModified\":\"2026-09-04T14:49:00+00:00\",\"mainEntityOfPage\":{\"@id\":\"https:\\\/\\\/www.urbs.curitiba.pr.gov.br\\\/portal\\\/atencao-passageiros-desfile-civico-vai-bloquear-a-avenida-candido-de-abreu-e-ruas-proximas-afetando-linhas-de-onibus\\\/\"},\"wordCount\":742,\"commentCount\":0,\"publisher\":{\"@id\":\"https:\\\/\\\/www.urbs.curitiba.pr.gov.br\\\/portal\\\/#organization\"},\"image\":{\"@id\":\"https:\\\/\\\/www.urbs.curitiba.pr.gov.br\\\/portal\\\/atencao-passageiros-desfile-civico-vai-bloquear-a-avenida-candido-de-abreu-e-ruas-proximas-afetando-linhas-de-onibus\\\/#primaryimage\"},\"thumbnailUrl\":\"https:\\\/\\\/www.urbs.curitiba.pr.gov.br\\\/portal\\\/wp-content\\\/uploads\\\/2026\\\/09\\\/bloqueio-transito.png\",\"articleSection\":[\"Transporte Coletivo\"],\"inLanguage\":\"pt-BR\",\"potentialAction\":[{\"@type\":\"CommentAction\",\"name\":\"Comment\",\"target\":[\"https:\\\/\\\/www.urbs.curitiba.pr.gov.br\\\/portal\\\/atencao-passageiros-desfile-civico-vai-bloquear-a-avenida-candido-de-abreu-e-ruas-proximas-afetando-linhas-de-onibus\\\/#respond\"]}]},{\"@type\":\"WebPage\",\"@id\":\"https:\\\/\\\/www.urbs.curitiba.pr.gov.br\\\/portal\\\/atencao-passageiros-desfile-civico-vai-bloquear-a-avenida-candido-de-abreu-e-ruas-proximas-afetando-linhas-de-onibus\\\/\",\"url\":\"https:\\\/\\\/www.urbs.curitiba.pr.gov.br\\\/portal\\\/atencao-passageiros-desfile-civico-vai-bloquear-a-avenida-candido-de-abreu-e-ruas-proximas-afetando-linhas-de-onibus\\\/\",\"name\":\"Aten\u00e7\u00e3o passageiros: desfile c\u00edvico vai bloquear a Avenida C\u00e2ndido de Abreu e ruas pr\u00f3ximas, afetando linhas de \u00f4nibus - URBS\",\"isPartOf\":{\"@id\":\"https:\\\/\\\/www.urbs.curitiba.pr.gov.br\\\/portal\\\/#website\"},\"primaryImageOfPage\":{\"@id\":\"https:\\\/\\\/www.urbs.curitiba.pr.gov.br\\\/portal\\\/atencao-passageiros-desfile-civico-vai-bloquear-a-avenida-candido-de-abreu-e-ruas-proximas-afetando-linhas-de-onibus\\\/#primaryimage\"},\"image\":{\"@id\":\"https:\\\/\\\/www.urbs.curitiba.pr.gov.br\\\/portal\\\/atencao-passageiros-desfile-civico-vai-bloquear-a-avenida-candido-de-abreu-e-ruas-proximas-afetando-linhas-de-onibus\\\/#primaryimage\"},\"thumbnailUrl\":\"https:\\\/\\\/www.urbs.curitiba.pr.gov.br\\\/portal\\\/wp-content\\\/uploads\\\/2026\\\/09\\\/bloqueio-transito.png\",\"datePublished\":\"2026-09-04T14:48:59+00:00\",\"dateModified\":\"2026-09-04T14:49:00+00:00\",\"breadcrumb\":{\"@id\":\"https:\\\/\\\/www.urbs.curitiba.pr.gov.br\\\/portal\\\/atencao-passageiros-desfile-civico-vai-bloquear-a-avenida-candido-de-abreu-e-ruas-proximas-afetando-linhas-de-onibus\\\/#breadcrumb\"},\"inLanguage\":\"pt-BR\",\"potentialAction\":[{\"@type\":\"ReadAction\",\"target\":[\"https:\\\/\\\/www.urbs.curitiba.pr.gov.br\\\/portal\\\/atencao-passageiros-desfile-civico-vai-bloquear-a-avenida-candido-de-abreu-e-ruas-proximas-afetando-linhas-de-onibus\\\/\"]}]},{\"@type\":\"ImageObject\",\"inLanguage\":\"pt-BR\",\"@id\":\"https:\\\/\\\/www.urbs.curitiba.pr.gov.br\\\/portal\\\/atencao-passageiros-desfile-civico-vai-bloquear-a-avenida-candido-de-abreu-e-ruas-proximas-afetando-linhas-de-onibus\\\/#primaryimage\",\"url\":\"https:\\\/\\\/www.urbs.curitiba.pr.gov.br\\\/portal\\\/wp-content\\\/uploads\\\/2026\\\/09\\\/bloqueio-transito.png\",\"contentUrl\":\"https:\\\/\\\/www.urbs.curitiba.pr.gov.br\\\/portal\\\/wp-content\\\/uploads\\\/2026\\\/09\\\/bloqueio-transito.png\",\"width\":800,\"height\":479},{\"@type\":\"BreadcrumbList\",\"@id\":\"https:\\\/\\\/www.urbs.curitiba.pr.gov.br\\\/portal\\\/atencao-passageiros-desfile-civico-vai-bloquear-a-avenida-candido-de-abreu-e-ruas-proximas-afetando-linhas-de-onibus\\\/#breadcrumb\",\"itemListElement\":[{\"@type\":\"ListItem\",\"position\":1,\"name\":\"In\u00edcio\",\"item\":\"https:\\\/\\\/www.urbs.curitiba.pr.gov.br\\\/portal\\\/\"},{\"@type\":\"ListItem\",\"position\":2,\"name\":\"Transporte Coletivo\",\"item\":\"https:\\\/\\\/www.urbs.curitiba.pr.gov.br\\\/portal\\\/category\\\/transporte-coletivo\\\/\"},{\"@type\":\"ListItem\",\"position\":3,\"name\":\"Aten\u00e7\u00e3o passageiros: desfile c\u00edvico vai bloquear a Avenida C\u00e2ndido de Abreu e ruas pr\u00f3ximas, afetando linhas de \u00f4nibus\"}]},{\"@type\":\"WebSite\",\"@id\":\"https:\\\/\\\/www.urbs.curitiba.pr.gov.br\\\/portal\\\/#website\",\"url\":\"https:\\\/\\\/www.urbs.curitiba.pr.gov.br\\\/portal\\\/\",\"name\":\"URBS\",\"description\":\"Urbaniza\u00e7\u00e3o de Curitiba\",\"publisher\":{\"@id\":\"https:\\\/\\\/www.urbs.curitiba.pr.gov.br\\\/portal\\\/#organization\"},\"potentialAction\":[{\"@type\":\"SearchAction\",\"target\":{\"@type\":\"EntryPoint\",\"urlTemplate\":\"https:\\\/\\\/www.urbs.curitiba.pr.gov.br\\\/portal\\\/?s={search_term_string}\"},\"query-input\":{\"@type\":\"PropertyValueSpecification\",\"valueRequired\":true,\"valueName\":\"search_term_string\"}}],\"inLanguage\":\"pt-BR\"},{\"@type\":\"Organization\",\"@id\":\"https:\\\/\\\/www.urbs.curitiba.pr.gov.br\\\/portal\\\/#organization\",\"name\":\"URBS\",\"url\":\"https:\\\/\\\/www.urbs.curitiba.pr.gov.br\\\/portal\\\/\",\"logo\":{\"@type\":\"ImageObject\",\"inLanguage\":\"pt-BR\",\"@id\":\"https:\\\/\\\/www.urbs.curitiba.pr.gov.br\\\/portal\\\/#\\\/schema\\\/logo\\\/image\\\/\",\"url\":\"https:\\\/\\\/www.urbs.curitiba.pr.gov.br\\\/portal\\\/wp-content\\\/uploads\\\/2024\\\/03\\\/logo-urbs-cinza.svg\",\"contentUrl\":\"https:\\\/\\\/www.urbs.curitiba.pr.gov.br\\\/portal\\\/wp-content\\\/uploads\\\/2024\\\/03\\\/logo-urbs-cinza.svg\",\"width\":940,\"height\":420,\"caption\":\"URBS\"},\"image\":{\"@id\":\"https:\\\/\\\/www.urbs.curitiba.pr.gov.br\\\/portal\\\/#\\\/schema\\\/logo\\\/image\\\/\"},\"sameAs\":[\"https:\\\/\\\/www.facebook.com\\\/UrbsCuritiba\\\/\",\"https:\\\/\\\/www.instagram.com\\\/urbs_curitiba\\\/\"]},{\"@type\":\"Person\",\"@id\":\"https:\\\/\\\/www.urbs.curitiba.pr.gov.br\\\/portal\\\/#\\\/schema\\\/person\\\/ab6b6e14d348c1ef165b5086fc8c6225\",\"name\":\"Francisco Jose Zerbeto Assis\",\"image\":{\"@type\":\"ImageObject\",\"inLanguage\":\"pt-BR\",\"@id\":\"https:\\\/\\\/secure.gravatar.com\\\/avatar\\\/5a19657e1351e46a81537640d639353d46076b0e5f376f466bfb60e86bf95da9?s=96&d=mm&r=g\",\"url\":\"https:\\\/\\\/secure.gravatar.com\\\/avatar\\\/5a19657e1351e46a81537640d639353d46076b0e5f376f466bfb60e86bf95da9?s=96&d=mm&r=g\",\"contentUrl\":\"https:\\\/\\\/secure.gravatar.com\\\/avatar\\\/5a19657e1351e46a81537640d639353d46076b0e5f376f466bfb60e86bf95da9?s=96&d=mm&r=g\",\"caption\":\"Francisco Jose Zerbeto Assis\"},\"url\":\"https:\\\/\\\/www.urbs.curitiba.pr.gov.br\\\/portal\\\/author\\\/frassis\\\/\"}]}<\/script>\n<!-- \/ Yoast SEO plugin. -->","yoast_head_json":{"title":"Aten\u00e7\u00e3o passageiros: desfile c\u00edvico vai bloquear a Avenida C\u00e2ndido de Abreu e ruas pr\u00f3ximas, afetando linhas de \u00f4nibus - URBS","robots":{"index":"index","follow":"follow","max-snippet":"max-snippet:-1","max-image-preview":"max-image-preview:large","max-video-preview":"max-video-preview:-1"},"canonical":"https:\/\/www.urbs.curitiba.pr.gov.br\/portal\/atencao-passageiros-desfile-civico-vai-bloquear-a-avenida-candido-de-abreu-e-ruas-proximas-afetando-linhas-de-onibus\/","og_locale":"pt_BR","og_type":"article","og_title":"Aten\u00e7\u00e3o passageiros: desfile c\u00edvico vai bloquear a Avenida C\u00e2ndido de Abreu e ruas pr\u00f3ximas, afetando linhas de \u00f4nibus - URBS","og_description":"Na segunda-feira (7\/9), ser\u00e1 realizado o tradicional Desfile C\u00edvico de 7 de Setembro, na Avenida C\u00e2ndido de Abreu. Para garantir [&hellip;]","og_url":"https:\/\/www.urbs.curitiba.pr.gov.br\/portal\/atencao-passageiros-desfile-civico-vai-bloquear-a-avenida-candido-de-abreu-e-ruas-proximas-afetando-linhas-de-onibus\/","og_site_name":"URBS","article_publisher":"https:\/\/www.facebook.com\/UrbsCuritiba\/","article_published_time":"2026-09-04T14:48:59+00:00","article_modified_time":"2026-09-04T14:49:00+00:00","og_image":[{"width":800,"height":479,"url":"https:\/\/www.urbs.curitiba.pr.gov.br\/portal\/wp-content\/uploads\/2026\/09\/bloqueio-transito.png","type":"image\/png"}],"author":"Francisco Jose Zerbeto Assis","twitter_card":"summary_large_image","twitter_misc":{"Escrito por":"Francisco Jose Zerbeto Assis","Est. tempo de leitura":"4 minutos"},"schema":{"@context":"https:\/\/schema.org","@graph":[{"@type":"Article","@id":"https:\/\/www.urbs.curitiba.pr.gov.br\/portal\/atencao-passageiros-desfile-civico-vai-bloquear-a-avenida-candido-de-abreu-e-ruas-proximas-afetando-linhas-de-onibus\/#article","isPartOf":{"@id":"https:\/\/www.urbs.curitiba.pr.gov.br\/portal\/atencao-passageiros-desfile-civico-vai-bloquear-a-avenida-candido-de-abreu-e-ruas-proximas-afetando-linhas-de-onibus\/"},"author":{"name":"Francisco Jose Zerbeto Assis","@id":"https:\/\/www.urbs.curitiba.pr.gov.br\/portal\/#\/schema\/person\/ab6b6e14d348c1ef165b5086fc8c6225"},"headline":"Aten\u00e7\u00e3o passageiros: desfile c\u00edvico vai bloquear a Avenida C\u00e2ndido de Abreu e ruas pr\u00f3ximas, afetando linhas de \u00f4nibus","datePublished":"2026-09-04T14:48:59+00:00","dateModified":"2026-09-04T14:49:00+00:00","mainEntityOfPage":{"@id":"https:\/\/www.urbs.curitiba.pr.gov.br\/portal\/atencao-passageiros-desfile-civico-vai-bloquear-a-avenida-candido-de-abreu-e-ruas-proximas-afetando-linhas-de-onibus\/"},"wordCount":742,"commentCount":0,"publisher":{"@id":"https:\/\/www.urbs.curitiba.pr.gov.br\/portal\/#organization"},"image":{"@id":"https:\/\/www.urbs.curitiba.pr.gov.br\/portal\/atencao-passageiros-desfile-civico-vai-bloquear-a-avenida-candido-de-abreu-e-ruas-proximas-afetando-linhas-de-onibus\/#primaryimage"},"thumbnailUrl":"https:\/\/www.urbs.curitiba.pr.gov.br\/portal\/wp-content\/uploads\/2026\/09\/bloqueio-transito.png","articleSection":["Transporte Coletivo"],"inLanguage":"pt-BR","potentialAction":[{"@type":"CommentAction","name":"Comment","target":["https:\/\/www.urbs.curitiba.pr.gov.br\/portal\/atencao-passageiros-desfile-civico-vai-bloquear-a-avenida-candido-de-abreu-e-ruas-proximas-afetando-linhas-de-onibus\/#respond"]}]},{"@type":"WebPage","@id":"https:\/\/www.urbs.curitiba.pr.gov.br\/portal\/atencao-passageiros-desfile-civico-vai-bloquear-a-avenida-candido-de-abreu-e-ruas-proximas-afetando-linhas-de-onibus\/","url":"https:\/\/www.urbs.curitiba.pr.gov.br\/portal\/atencao-passageiros-desfile-civico-vai-bloquear-a-avenida-candido-de-abreu-e-ruas-proximas-afetando-linhas-de-onibus\/","name":"Aten\u00e7\u00e3o passageiros: desfile c\u00edvico vai bloquear a Avenida C\u00e2ndido de Abreu e ruas pr\u00f3ximas, afetando linhas de \u00f4nibus - URBS","isPartOf":{"@id":"https:\/\/www.urbs.curitiba.pr.gov.br\/portal\/#website"},"primaryImageOfPage":{"@id":"https:\/\/www.urbs.curitiba.pr.gov.br\/portal\/atencao-passageiros-desfile-civico-vai-bloquear-a-avenida-candido-de-abreu-e-ruas-proximas-afetando-linhas-de-onibus\/#primaryimage"},"image":{"@id":"https:\/\/www.urbs.curitiba.pr.gov.br\/portal\/atencao-passageiros-desfile-civico-vai-bloquear-a-avenida-candido-de-abreu-e-ruas-proximas-afetando-linhas-de-onibus\/#primaryimage"},"thumbnailUrl":"https:\/\/www.urbs.curitiba.pr.gov.br\/portal\/wp-content\/uploads\/2026\/09\/bloqueio-transito.png","datePublished":"2026-09-04T14:48:59+00:00","dateModified":"2026-09-04T14:49:00+00:00","breadcrumb":{"@id":"https:\/\/www.urbs.curitiba.pr.gov.br\/portal\/atencao-passageiros-desfile-civico-vai-bloquear-a-avenida-candido-de-abreu-e-ruas-proximas-afetando-linhas-de-onibus\/#breadcrumb"},"inLanguage":"pt-BR","potentialAction":[{"@type":"ReadAction","target":["https:\/\/www.urbs.curitiba.pr.gov.br\/portal\/atencao-passageiros-desfile-civico-vai-bloquear-a-avenida-candido-de-abreu-e-ruas-proximas-afetando-linhas-de-onibus\/"]}]},{"@type":"ImageObject","inLanguage":"pt-BR","@id":"https:\/\/www.urbs.curitiba.pr.gov.br\/portal\/atencao-passageiros-desfile-civico-vai-bloquear-a-avenida-candido-de-abreu-e-ruas-proximas-afetando-linhas-de-onibus\/#primaryimage","url":"https:\/\/www.urbs.curitiba.pr.gov.br\/portal\/wp-content\/uploads\/2026\/09\/bloqueio-transito.png","contentUrl":"https:\/\/www.urbs.curitiba.pr.gov.br\/portal\/wp-content\/uploads\/2026\/09\/bloqueio-transito.png","width":800,"height":479},{"@type":"BreadcrumbList","@id":"https:\/\/www.urbs.curitiba.pr.gov.br\/portal\/atencao-passageiros-desfile-civico-vai-bloquear-a-avenida-candido-de-abreu-e-ruas-proximas-afetando-linhas-de-onibus\/#breadcrumb","itemListElement":[{"@type":"ListItem","position":1,"name":"In\u00edcio","item":"https:\/\/www.urbs.curitiba.pr.gov.br\/portal\/"},{"@type":"ListItem","position":2,"name":"Transporte Coletivo","item":"https:\/\/www.urbs.curitiba.pr.gov.br\/portal\/category\/transporte-coletivo\/"},{"@type":"ListItem","position":3,"name":"Aten\u00e7\u00e3o passageiros: desfile c\u00edvico vai bloquear a Avenida C\u00e2ndido de Abreu e ruas pr\u00f3ximas, afetando linhas de \u00f4nibus"}]},{"@type":"WebSite","@id":"https:\/\/www.urbs.curitiba.pr.gov.br\/portal\/#website","url":"https:\/\/www.urbs.curitiba.pr.gov.br\/portal\/","name":"URBS","description":"Urbaniza\u00e7\u00e3o de Curitiba","publisher":{"@id":"https:\/\/www.urbs.curitiba.pr.gov.br\/portal\/#organization"},"potentialAction":[{"@type":"SearchAction","target":{"@type":"EntryPoint","urlTemplate":"https:\/\/www.urbs.curitiba.pr.gov.br\/portal\/?s={search_term_string}"},"query-input":{"@type":"PropertyValueSpecification","valueRequired":true,"valueName":"search_term_string"}}],"inLanguage":"pt-BR"},{"@type":"Organization","@id":"https:\/\/www.urbs.curitiba.pr.gov.br\/portal\/#organization","name":"URBS","url":"https:\/\/www.urbs.curitiba.pr.gov.br\/portal\/","logo":{"@type":"ImageObject","inLanguage":"pt-BR","@id":"https:\/\/www.urbs.curitiba.pr.gov.br\/portal\/#\/schema\/logo\/image\/","url":"https:\/\/www.urbs.curitiba.pr.gov.br\/portal\/wp-content\/uploads\/2024\/03\/logo-urbs-cinza.svg","contentUrl":"https:\/\/www.urbs.curitiba.pr.gov.br\/portal\/wp-content\/uploads\/2024\/03\/logo-urbs-cinza.svg","width":940,"height":420,"caption":"URBS"},"image":{"@id":"https:\/\/www.urbs.curitiba.pr.gov.br\/portal\/#\/schema\/logo\/image\/"},"sameAs":["https:\/\/www.facebook.com\/UrbsCuritiba\/","https:\/\/www.instagram.com\/urbs_curitiba\/"]},{"@type":"Person","@id":"https:\/\/www.urbs.curitiba.pr.gov.br\/portal\/#\/schema\/person\/ab6b6e14d348c1ef165b5086fc8c6225","name":"Francisco Jose Zerbeto Assis","image":{"@type":"ImageObject","inLanguage":"pt-BR","@id":"https:\/\/secure.gravatar.com\/avatar\/5a19657e1351e46a81537640d639353d46076b0e5f376f466bfb60e86bf95da9?s=96&d=mm&r=g","url":"https:\/\/secure.gravatar.com\/avatar\/5a19657e1351e46a81537640d639353d46076b0e5f376f466bfb60e86bf95da9?s=96&d=mm&r=g","contentUrl":"https:\/\/secure.gravatar.com\/avatar\/5a19657e1351e46a81537640d639353d46076b0e5f376f466bfb60e86bf95da9?s=96&d=mm&r=g","caption":"Francisco Jose Zerbeto Assis"},"url":"https:\/\/www.urbs.curitiba.pr.gov.br\/portal\/author\/frassis\/"}]}},"_links":{"self":[{"href":"https:\/\/www.urbs.curitiba.pr.gov.br\/portal\/wp-json\/wp\/v2\/posts\/12443","targetHints":{"allow":["GET"]}}],"collection":[{"href":"https:\/\/www.urbs.curitiba.pr.gov.br\/portal\/wp-json\/wp\/v2\/posts"}],"about":[{"href":"https:\/\/www.urbs.curitiba.pr.gov.br\/portal\/wp-json\/wp\/v2\/types\/post"}],"author":[{"embeddable":true,"href":"https:\/\/www.urbs.curitiba.pr.gov.br\/portal\/wp-json\/wp\/v2\/users\/4"}],"replies":[{"embeddable":true,"href":"https:\/\/www.urbs.curitiba.pr.gov.br\/portal\/wp-json\/wp\/v2\/comments?post=12443"}],"version-history":[{"count":1,"href":"https:\/\/www.urbs.curitiba.pr.gov.br\/portal\/wp-json\/wp\/v2\/posts\/12443\/revisions"}],"predecessor-version":[{"id":12445,"href":"https:\/\/www.urbs.curitiba.pr.gov.br\/portal\/wp-json\/wp\/v2\/posts\/12443\/revisions\/12445"}],"wp:featuredmedia":[{"embeddable":true,"href":"https:\/\/www.urbs.curitiba.pr.gov.br\/portal\/wp-json\/wp\/v2\/media\/12444"}],"wp:attachment":[{"href":"https:\/\/www.urbs.curitiba.pr.gov.br\/portal\/wp-json\/wp\/v2\/media?parent=12443"}],"wp:term":[{"taxonomy":"category","embeddable":true,"href":"https:\/\/www.urbs.curitiba.pr.gov.br\/portal\/wp-json\/wp\/v2\/categories?post=12443"},{"taxonomy":"post_tag","embeddable":true,"href":"https:\/\/www.urbs.curitiba.pr.gov.br\/portal\/wp-json\/wp\/v2\/tags?post=12443"}],"curies":[{"name":"wp","href":"https:\/\/api.w.org\/{rel}","templated":true}]}}